{"id":7,"count":0,"description":"Concours photos de 1994 \r\nLa croisi\u00e8re monastique du 30 juin 1996 \u00e0 bord de trois vieux gr\u00e9ements \r\nExposition \"Sur les chemins de Beauport\" dans le manoir de Traou Nez \u00e0 Plourivo en juin 1997 \r\nSoir\u00e9e souvenirs \"\u00e0 Beauport au si\u00e8cle dernier\" le 7 juillet 2001 \r\nLe colloque \"Beauport : dix ann\u00e9es de recherches, 800 ans d'histoire\" les 12 et 13 octobre 2002 \r\nSoir\u00e9e \"Voix de K\u00e9rity, r\u00e9cits et chants\" le 11 juin 2005 \r\nInauguration du local des Amis de Beauport \u00e0 la villa Labenne le 3 mars 2007 \r\n\"La folle journ\u00e9e d'Yvias\" le 16 juin 2007, \u00e9vocation th\u00e9\u00e2tralis\u00e9e des \u00e9v\u00e8nements du 23 f\u00e9vrier 1755 \r\nExposition \"Moines et d\u00e9mons\" dans l'ancien manoir presbyt\u00e9ral de Beauport \u00e0 Yvias en juin-juillet 2007 \r\n\"Beauport de vive voix\", lecture d\u2019archives th\u00e9\u00e2tralis\u00e9e avec la troupe du Grenier, le 2 juin 2012 \r\nLe colloque de Paimpol de la SHAB du 6 au 8 septembre 2012 \r\n20e anniversaire de l\u2019association du 17 au 27 septembre 2012 \r\nLe colloque \"Un scriptorium et son \u00e9poque\" \u00e0 Beauport le 13 juin et \u00e0 Brest le 14 juin 2013 \r\n\"Beauport de vive voix\", lecture d\u2019archives th\u00e9\u00e2tralis\u00e9e avec la troupe du Grenier, le 5 octobre 2014 \r\nLe cadran solaire horizontal de Beauport en 2015 \r\n\"Le repas des deux \u00e9v\u00eaques\" le 22 avril 2016 en partenariat avec le lyc\u00e9e h\u00f4telier de Saint-Quay-Portrieux et la troupe th\u00e9\u00e2trale du Grenier\r\n","link":"https:\/\/amisdebeauport.fr\/index.php\/category\/les-evenements\/","name":"Les \u00e9v\u00e8nements","slug":"les-evenements","taxonomy":"category","parent":0,"meta":[],"acf":[],"_links":{"self":[{"href":"https:\/\/amisdebeauport.fr\/index.php\/wp-json\/wp\/v2\/categories\/7","targetHints":{"allow":["GET"]}}],"collection":[{"href":"https:\/\/amisdebeauport.fr\/index.php\/wp-json\/wp\/v2\/categories"}],"about":[{"href":"https:\/\/amisdebeauport.fr\/index.php\/wp-json\/wp\/v2\/taxonomies\/category"}],"wp:post_type":[{"href":"https:\/\/amisdebeauport.fr\/index.php\/wp-json\/wp\/v2\/posts?categories=7"}],"curies":[{"name":"wp","href":"https:\/\/api.w.org\/{rel}","templated":true}]}}