{"id":145,"date":"2018-04-20T15:55:20","date_gmt":"2018-04-20T13:55:20","guid":{"rendered":"http:\/\/amisdebeauport.fr\/?p=145"},"modified":"2018-05-03T19:08:44","modified_gmt":"2018-05-03T17:08:44","slug":"les-cahiers-de-beauport-n1-a-8","status":"publish","type":"post","link":"https:\/\/amisdebeauport.fr\/index.php\/2018\/04\/20\/les-cahiers-de-beauport-n1-a-8\/","title":{"rendered":"Les Cahiers de Beauport du n\u00b01 (1994) au n\u00b08 (2001)"},"content":{"rendered":"<p><span style=\"font-family: arial, helvetica, sans-serif; color: #000000; font-size: 10pt;\">Les Cahiers n\u00b0 1 \u00e0 4 sont aujourd&rsquo;hui \u00e9puis\u00e9s.<span class=\"Apple-converted-space\">&nbsp;<\/span>Les articles des Cahiers n\u00b0 1 \u00e0 8 relatifs \u00e0 Beauport<span class=\"Apple-converted-space\">&nbsp;<\/span>repris dans le livre publi\u00e9 en 2002 (r\u00e9\u00e9dit\u00e9 en 2004) \u00ab\u00a0<span style=\"color: #333399;\"><i>Abbaye de Beauport &#8211; huit si\u00e8cles d&rsquo;histoire en Go\u00eblo<\/i><\/span>\u00a0\u00bb &nbsp;<span class=\"Apple-converted-space\">&nbsp;<\/span>figurent en italiques et en bleu dans les sommaires ci-dessous.<span class=\"Apple-converted-space\">&nbsp;<\/span><\/span><\/p>\n<p style=\"text-align: justify;\"><span style=\"text-decoration: underline;\"><span style=\"font-family: arial, helvetica, sans-serif; font-size: 10pt;\">Sommaire du N\u00b01 \u2013 1994 (<i>\u00e9puis\u00e9<\/i>)<\/span><\/span><\/p>\n<p><a href=\"https:\/\/amisdebeauport.fr\/wp-content\/uploads\/2018\/04\/B8671625-86B3-4FA0-8B58-3D7A53EFFE21-e1523821904667.jpeg\"><img loading=\"lazy\" decoding=\"async\" class=\"alignleft wp-image-129\" src=\"https:\/\/amisdebeauport.fr\/wp-content\/uploads\/2018\/04\/B8671625-86B3-4FA0-8B58-3D7A53EFFE21-212x300.jpeg\" alt=\"\" width=\"100\" height=\"142\"><\/a><\/p>\n<ul>\n<li><span style=\"font-family: arial, helvetica, sans-serif; font-size: 10pt;\"><b>Laurence Meiffret<\/b> : Introduction<span class=\"Apple-converted-space\">&nbsp;<\/span><\/span><\/li>\n<li><span style=\"font-family: arial, helvetica, sans-serif; font-size: 10pt;\"><span style=\"color: #333399;\"><i><b>Annie-Claude Ballini<\/b> : Prosper M\u00e9rim\u00e9e \u00e0 Beauport<\/i><\/span><span class=\"Apple-converted-space\">&nbsp;<\/span><\/span><\/li>\n<li><span style=\"font-family: arial, helvetica, sans-serif; font-size: 10pt;\"><b>Annie-Claude Ballini <\/b>: De l&rsquo;abbaye r\u00e9elle \u00e0 l&rsquo;abbaye r\u00eav\u00e9e<span class=\"Apple-converted-space\">&nbsp;<\/span><\/span><\/li>\n<li><span style=\"font-family: arial, helvetica, sans-serif; color: #333399; font-size: 10pt;\"><i><b>Prosper M\u00e9rim\u00e9e<\/b> : Notes d&rsquo;un voyage dans l&rsquo;ouest de la France (extraits sur Beauport) [1836]<span class=\"Apple-converted-space\">&nbsp;<\/span><\/i><\/span><\/li>\n<li><span style=\"font-family: arial, helvetica, sans-serif; font-size: 10pt;\"><b>Jules Morvan<\/b> : L&rsquo;abbaye de Beauport : \u00e9tude historique et arch\u00e9ologique [1920]<\/span><\/li>\n<li><span style=\"font-family: arial, helvetica, sans-serif; font-size: 10pt;\"><b>Maurice Mesnard<\/b> : Notes sur l&rsquo;histoire de l&rsquo;abbaye de Beauport [1947-1948] :<span class=\"Apple-converted-space\">&nbsp;<\/span>Les p\u00eacheries de Beauport au XVIII<sup>\u00e8me<\/sup> si\u00e8cle &#8212;&#8211; Le droit de mesurage \u2026<span class=\"Apple-converted-space\">&nbsp;<\/span><\/span><\/li>\n<li><span style=\"font-family: arial, helvetica, sans-serif; font-size: 10pt;\"><b>Herv\u00e9 Le Goff <\/b>: Les abbayes bretonnes (pages relatives \u00e0 Beauport) [1984]<\/span><\/li>\n<li><span style=\"font-family: arial, helvetica, sans-serif; color: #333399; font-size: 10pt;\"><i><b>Annie-Claude Ballini<\/b> : R\u00e9volutionnaires ou r\u00e9fractaires :<span class=\"Apple-converted-space\">&nbsp;<\/span>Les hommes de Beauport \u00e0 la crois\u00e9e des chemins<span class=\"Apple-converted-space\">&nbsp;<\/span><\/i><\/span><\/li>\n<li><span style=\"font-family: arial, helvetica, sans-serif; font-size: 10pt;\"><b>Louis Chauris<\/b> : Emploi de roches volcaniques dans les \u00e9difices religieux anciens du Tr\u00e9gorrois&nbsp;(extraits relatifs \u00e0 l&rsquo;abbaye de Beauport) [1992]<\/span><\/li>\n<\/ul>\n<p style=\"text-align: justify;\"><span style=\"text-decoration: underline;\"><span style=\"font-family: arial, helvetica, sans-serif; font-size: 10pt;\">Sommaire du N\u00b02 \u2013 1995 (<i>\u00e9puis\u00e9<\/i>)<\/span><\/span><\/p>\n<p><img loading=\"lazy\" decoding=\"async\" class=\"alignleft wp-image-130\" src=\"https:\/\/amisdebeauport.fr\/wp-content\/uploads\/2018\/04\/9CFBE66A-5C06-441A-8878-C36D79982F83.jpeg\" alt=\"\" width=\"100\" height=\"141\" srcset=\"https:\/\/amisdebeauport.fr\/wp-content\/uploads\/2018\/04\/9CFBE66A-5C06-441A-8878-C36D79982F83.jpeg 498w, https:\/\/amisdebeauport.fr\/wp-content\/uploads\/2018\/04\/9CFBE66A-5C06-441A-8878-C36D79982F83-213x300.jpeg 213w\" sizes=\"auto, (max-width: 100px) 100vw, 100px\" \/><\/p>\n<ul>\n<li><span style=\"font-family: arial, helvetica, sans-serif; color: #333399; font-size: 10pt;\"><i><b>Yves Le Bonniec<\/b> :<span class=\"Apple-converted-space\">&nbsp;<\/span>De Saint Rion \u00e0 Beauport : la naissance d&rsquo;une abbaye<span class=\"Apple-converted-space\">&nbsp;<\/span><\/i><\/span><\/li>\n<li><span style=\"font-family: arial, helvetica, sans-serif; color: #333399; font-size: 10pt;\"><i><b>Soizic Le Rohellec<\/b> :<span class=\"Apple-converted-space\">&nbsp;<\/span>La vie profane \u00e0 l&rsquo;abbaye de Beauport au XVIII<sup>\u00e8me<\/sup> si\u00e8cle<span class=\"Apple-converted-space\">&nbsp;<\/span><\/i><\/span><\/li>\n<li><span style=\"font-family: arial, helvetica, sans-serif; color: #333399; font-size: 10pt;\"><i><b>Annie-Caude Ballini<\/b> :<span class=\"Apple-converted-space\">&nbsp;<\/span>Le domaine de Beauport de la R\u00e9volution \u00e0 Jules Ferry [1790-1890]<\/i><\/span><\/li>\n<\/ul>\n<p>&nbsp;<\/p>\n<p>&nbsp;<\/p>\n<p style=\"text-align: justify;\"><span style=\"text-decoration: underline;\"><span style=\"font-family: arial, helvetica, sans-serif; font-size: 10pt;\">Sommaire du N\u00b03 \u2013 1996 (<i>\u00e9puis\u00e9<\/i>)<\/span><\/span><\/p>\n<p><img loading=\"lazy\" decoding=\"async\" class=\"alignleft wp-image-132\" src=\"https:\/\/amisdebeauport.fr\/wp-content\/uploads\/2018\/04\/3625E3CC-93D7-44E8-AA3F-30063819C2E0-209x300.jpeg\" alt=\"\" width=\"100\" height=\"143\"><\/p>\n<ul>\n<li><span style=\"font-family: arial, helvetica, sans-serif; font-size: 10pt;\"><b>Danielle Duc\u0153ur <\/b>: L&rsquo;abbaye Sainte-Trinit\u00e9 de La Lucerne :&nbsp;fouilles et d\u00e9couvertes au cours de sa restauration (1959-1994)<span class=\"Apple-converted-space\">&nbsp;<\/span><\/span><\/li>\n<li><span style=\"font-family: arial, helvetica, sans-serif; font-size: 10pt; color: #333399;\"><i><b>Jacques Dervilly<\/b> et <b>Daniel Giraudon <\/b>:<span class=\"Apple-converted-space\">&nbsp;<\/span>Chemins de Saint Yves et Chemins de Beauport dans la tradition orale<span class=\"Apple-converted-space\">&nbsp;<\/span><\/i><\/span><\/li>\n<li><span style=\"font-family: arial, helvetica, sans-serif; font-size: 10pt; color: #333399;\"><i><b>Fran\u00e7ois Attal-Legoff<\/b> :<span class=\"Apple-converted-space\">&nbsp;<\/span>Ma\u00eetrise, am\u00e9nagement et exploitation de l&rsquo;espace c\u00f4tier en Go\u00eblo<span class=\"Apple-converted-space\">&nbsp;<\/span>par les religieux de l&rsquo;abbaye de Beauport (XIII<sup>\u00e8me &#8211;&nbsp;<\/sup>XV<sup>\u00e8me<\/sup> si\u00e8cles)<span class=\"Apple-converted-space\">&nbsp;<\/span><\/i><\/span><\/li>\n<li><span style=\"font-family: arial, helvetica, sans-serif; font-size: 10pt; color: #333399;\"><i><b>Annie-Claude et Yves Ballini<\/b>, <b>Gildas Connan<\/b> et <b>Yves de Sagazan<\/b> :<span class=\"Apple-converted-space\">&nbsp;<\/span>Beauport au fil de l&rsquo;eau,<span class=\"Apple-converted-space\">&nbsp;<\/span>\u00e9tude pr\u00e9liminaire sur les r\u00e9seaux hydrauliques de l&rsquo;abbaye de Beauport<\/i><\/span><\/li>\n<\/ul>\n<p>&nbsp;<\/p>\n<p><span style=\"text-decoration: underline;\"><span style=\"font-family: arial, helvetica, sans-serif; font-size: 10pt;\">Sommai<\/span><\/span><span style=\"text-decoration: underline;\"><span style=\"font-family: arial, helvetica, sans-serif; font-size: 10pt;\">re du N\u00b04 \u2013 1997 (\u00e9puis\u00e9)<\/span><\/span><\/p>\n<p><img loading=\"lazy\" decoding=\"async\" class=\"wp-image-131 alignleft\" src=\"https:\/\/amisdebeauport.fr\/wp-content\/uploads\/2018\/04\/6C09E5A8-A0A6-4E57-9DBE-E51A30C8A740-212x300.jpeg\" alt=\"\" width=\"100\" height=\"142\"><\/p>\n<ul>\n<li><span style=\"font-family: arial, helvetica, sans-serif; font-size: 10pt; color: #333399;\"><i><b>Dominique-Marie Dauzet<\/b> : Saint-Norbert patron des Pr\u00e9montr\u00e9s<span class=\"Apple-converted-space\">&nbsp;&lt;<\/span><\/i><\/span><\/li>\n<li><span style=\"font-family: arial, helvetica, sans-serif; font-size: 10pt; color: #333399;\"><i><b>Xavier Lavagne d&rsquo;Ortigue<\/b> : Herv\u00e9 Julien Le Sage, de Beauport \u00e0 la Sil\u00e9sie<span class=\"Apple-converted-space\">&nbsp;<\/span><\/i><\/span><\/li>\n<li><span style=\"font-family: arial, helvetica, sans-serif; font-size: 10pt; color: #333399;\"><i><b>Michel-Yves Bernard<\/b> et <b>Anne Lejeune <\/b>: L&rsquo;abbaye de Beauport et ses archives<\/i><\/span><\/li>\n<\/ul>\n<p>&nbsp;<\/p>\n<p>&nbsp;<\/p>\n<p><span style=\"text-decoration: underline;\"><span style=\"font-family: arial, helvetica, sans-serif; font-size: 10pt;\">Sommaire du N\u00b05 \u2013 1998<\/span><\/span><\/p>\n<p><img loading=\"lazy\" decoding=\"async\" class=\"alignleft wp-image-133\" src=\"https:\/\/amisdebeauport.fr\/wp-content\/uploads\/2018\/04\/B523BC7D-2EB4-4261-BE69-08C785C7EBDD-211x300.jpeg\" alt=\"\" width=\"100\" height=\"142\"><\/p>\n<ul>\n<li><span style=\"font-family: arial, helvetica, sans-serif; font-size: 10pt;\"><strong>Robert-Henri Bautier<\/strong> : Les \u00ab\u00a0courts\u00a0\u00bb de l&rsquo;ordre de Pr\u00e9montr\u00e9 au XII<sup>e<\/sup> si\u00e8cle, formation et premiers d\u00e9veloppements<\/span><\/li>\n<li><span style=\"font-family: arial, helvetica, sans-serif; font-size: 10pt; color: #666699;\"><em><strong>Annie-Claude Ballini<\/strong> : Le Prieur\u00e9 des Fontaines, une d\u00e9pendance de l&rsquo;abbaye de Beauport<\/em><\/span><\/li>\n<li><span style=\"font-family: arial, helvetica, sans-serif; font-size: 10pt; color: #666699;\"><em><strong>Lo\u00efc Thomas<\/strong> : Contes et l\u00e9gendes autour de Beauport<\/em> <\/span><\/li>\n<\/ul>\n<p>&nbsp;<\/p>\n<p>&nbsp;<\/p>\n<p><span style=\"text-decoration: underline;\"><span style=\"font-family: arial, helvetica, sans-serif; font-size: 10pt;\">Sommaire du N\u00b06 \u2013 1999<\/span><\/span><\/p>\n<p><img loading=\"lazy\" decoding=\"async\" class=\"alignleft wp-image-134\" src=\"https:\/\/amisdebeauport.fr\/wp-content\/uploads\/2018\/04\/80BD8580-D876-4863-95A9-96B43B967FA1-211x300.jpeg\" alt=\"\" width=\"100\" height=\"142\" srcset=\"https:\/\/amisdebeauport.fr\/wp-content\/uploads\/2018\/04\/80BD8580-D876-4863-95A9-96B43B967FA1-211x300.jpeg 211w, https:\/\/amisdebeauport.fr\/wp-content\/uploads\/2018\/04\/80BD8580-D876-4863-95A9-96B43B967FA1.jpeg 491w\" sizes=\"auto, (max-width: 100px) 100vw, 100px\" \/><\/p>\n<ul>\n<li><em><span style=\"font-family: arial, helvetica, sans-serif; font-size: 10pt; color: #666699;\"><strong>Fanny Tournier<\/strong> : Fouilles de la Salle au Duc de l&rsquo;abbaye de Beauport <\/span><\/em><\/li>\n<li><em><span style=\"font-family: arial, helvetica, sans-serif; font-size: 10pt; color: #666699;\"><strong>Christophe Renault<\/strong> : Les voyageurs-arch\u00e9ologues \u00e0 l&rsquo;abbaye de Beauport (1814-1880) <\/span><\/em><\/li>\n<li><span style=\"font-family: arial, helvetica, sans-serif; font-size: 10pt;\"><strong>Pierre-Roland Giot<\/strong> : L&rsquo;\u00eele Lavret pr\u00e8s de Br\u00e9hat [fouilles de 1977 \u00e0 1984]<\/span><\/li>\n<\/ul>\n<p>&nbsp;<\/p>\n<p>&nbsp;<\/p>\n<p><span style=\"text-decoration: underline;\"><span style=\"font-family: arial, helvetica, sans-serif; font-size: 10pt;\">Sommaire du N\u00b07 \u2013 2000<\/span><\/span><\/p>\n<p><img loading=\"lazy\" decoding=\"async\" class=\"alignleft wp-image-135\" src=\"https:\/\/amisdebeauport.fr\/wp-content\/uploads\/2018\/04\/3A373F7A-3D85-426A-BF0E-305A1CEE9726-212x300.jpeg\" alt=\"\" width=\"100\" height=\"141\"><\/p>\n<ul>\n<li><span style=\"font-family: arial, helvetica, sans-serif; font-size: 10pt;\"><strong>Andr\u00e9 Dufief<\/strong> : L&rsquo;abbaye de B\u00e9gard et la r\u00e9forme cistercienne en Bretagne (XII<sup>e<\/sup>-XIII<sup>e<\/sup> si\u00e8cles) <\/span><\/li>\n<li><span style=\"font-family: arial, helvetica, sans-serif; font-size: 10pt;\"><strong>Jean-Christophe Cassard<\/strong> : Les Bretons et la mer au Moyen \u00c2ge <\/span><\/li>\n<li><span style=\"font-family: arial, helvetica, sans-serif; font-size: 10pt;\"><strong>Yves-Pascal Castel<\/strong> : Les sept \u00e9tapes du Tro Breiz <\/span><\/li>\n<li><span style=\"color: #666699;\"><em><span style=\"font-family: arial, helvetica, sans-serif; font-size: 10pt;\"><strong>Paolig Combot<\/strong> : Jean Conan, un iconoclaste breton aux XVIII<sup>e<\/sup> et XIX<sup>e<\/sup> si\u00e8cles ?<\/span><\/em><\/span><\/li>\n<\/ul>\n<p>&nbsp;<\/p>\n<p>&nbsp;<\/p>\n<p><span style=\"text-decoration: underline;\"><span style=\"font-family: arial, helvetica, sans-serif; font-size: 10pt;\">Sommaire du N\u00b08 \u2013 2001<\/span><\/span><\/p>\n<p><img loading=\"lazy\" decoding=\"async\" class=\"alignleft wp-image-136\" src=\"https:\/\/amisdebeauport.fr\/wp-content\/uploads\/2018\/04\/7F9ABF38-B60C-43DC-989D-204C70CEB409-212x300.jpeg\" alt=\"\" width=\"100\" height=\"142\"><\/p>\n<ul>\n<li><span style=\"color: #666699;\"><em><span style=\"font-family: arial, helvetica, sans-serif; font-size: 10pt;\"><strong>Michel-Yves Bernard et Yves Ballini<\/strong> : <\/span><span style=\"font-family: arial, helvetica, sans-serif; font-size: 10pt;\">Les livres et la lecture \u00e0 l&rsquo;abbaye de Beauport aux XVII<sup>e<\/sup> et XVIII<sup>e<\/sup> si\u00e8cles <\/span><\/em><\/span><\/li>\n<li><span style=\"color: #666699;\"><em><span style=\"font-family: arial, helvetica, sans-serif; font-size: 10pt;\"><strong>S\u00e9bastien Vatier<\/strong> : Un \u00ab\u00a0atelier sceau\u00a0\u00bb dans la Salle au Duc <\/span><\/em><\/span><\/li>\n<li><span style=\"font-family: arial, helvetica, sans-serif; font-size: 10pt;\"><strong>Fran\u00e7ois Chapp\u00e9<\/strong> : Sur les traces du patrimoine \u2026 R\u00e9flexions<\/span><\/li>\n<\/ul>\n<p>&nbsp;<\/p>\n<p>&nbsp;<\/p>\n","protected":false},"excerpt":{"rendered":"<p>Les Cahiers n\u00b0 1 \u00e0 4 sont aujourd&rsquo;hui \u00e9puis\u00e9s.&nbsp;Les articles des Cahiers n\u00b0 1 \u00e0 8 relatifs \u00e0 Beauport&nbsp;repris dans le livre publi\u00e9 en 2002 (r\u00e9\u00e9dit\u00e9 en 2004) \u00ab\u00a0Abbaye de Beauport &#8211; huit si\u00e8cles d&rsquo;histoire en Go\u00eblo\u00a0\u00bb &nbsp;&nbsp;figurent en italiques et en bleu dans les sommaires ci-dessous.&nbsp; Sommaire du N\u00b01 \u2013 1994 (\u00e9puis\u00e9) Laurence Meiffret [&hellip;]<\/p>\n","protected":false},"author":1,"featured_media":0,"comment_status":"open","ping_status":"open","sticky":false,"template":"","format":"standard","meta":{"_acf_changed":false,"ngg_post_thumbnail":0,"footnotes":""},"categories":[1],"tags":[],"class_list":["post-145","post","type-post","status-publish","format-standard","hentry","category-non-classe"],"acf":[],"_links":{"self":[{"href":"https:\/\/amisdebeauport.fr\/index.php\/wp-json\/wp\/v2\/posts\/145","targetHints":{"allow":["GET"]}}],"collection":[{"href":"https:\/\/amisdebeauport.fr\/index.php\/wp-json\/wp\/v2\/posts"}],"about":[{"href":"https:\/\/amisdebeauport.fr\/index.php\/wp-json\/wp\/v2\/types\/post"}],"author":[{"embeddable":true,"href":"https:\/\/amisdebeauport.fr\/index.php\/wp-json\/wp\/v2\/users\/1"}],"replies":[{"embeddable":true,"href":"https:\/\/amisdebeauport.fr\/index.php\/wp-json\/wp\/v2\/comments?post=145"}],"version-history":[{"count":50,"href":"https:\/\/amisdebeauport.fr\/index.php\/wp-json\/wp\/v2\/posts\/145\/revisions"}],"predecessor-version":[{"id":542,"href":"https:\/\/amisdebeauport.fr\/index.php\/wp-json\/wp\/v2\/posts\/145\/revisions\/542"}],"wp:attachment":[{"href":"https:\/\/amisdebeauport.fr\/index.php\/wp-json\/wp\/v2\/media?parent=145"}],"wp:term":[{"taxonomy":"category","embeddable":true,"href":"https:\/\/amisdebeauport.fr\/index.php\/wp-json\/wp\/v2\/categories?post=145"},{"taxonomy":"post_tag","embeddable":true,"href":"https:\/\/amisdebeauport.fr\/index.php\/wp-json\/wp\/v2\/tags?post=145"}],"curies":[{"name":"wp","href":"https:\/\/api.w.org\/{rel}","templated":true}]}}