{"id":295,"date":"2018-04-20T20:30:09","date_gmt":"2018-04-20T18:30:09","guid":{"rendered":"http:\/\/amisdebeauport.fr\/?p=295"},"modified":"2018-04-26T10:33:32","modified_gmt":"2018-04-26T08:33:32","slug":"presentation-generale-de-la-saint-norbert","status":"publish","type":"post","link":"https:\/\/amisdebeauport.fr\/index.php\/2018\/04\/20\/presentation-generale-de-la-saint-norbert\/","title":{"rendered":"Pr\u00e9sentation g\u00e9n\u00e9rale de la Saint-Norbert"},"content":{"rendered":"<p><span style=\"font-family: verdana, geneva, sans-serif;\">La \u00ab\u00a0Saint-Norbert\u00a0\u00bb, cr\u00e9\u00e9e en 1994, porte le nom de Norbert de Xanten qui, au XII<sup>e<\/sup> si\u00e8cle, fonda l&rsquo;ordre de Pr\u00e9montr\u00e9 auquel appartenait la communaut\u00e9 de Beauport de 1200 \u00e0 1790. Les chanoines qui vivaient alors \u00e0 l&rsquo;abbaye \u00e9taient tourn\u00e9s vers le monde et pratiquaient de nombreuses activit\u00e9s intellectuelles et artistiques.<\/span><\/p>\n<p><span style=\"font-family: verdana, geneva, sans-serif;\">Chaque ann\u00e9e au mois de juin les Amis de Beauport proposent <strong>des conf\u00e9rences<\/strong> sur des th\u00e8mes tr\u00e8s divers concernant l&rsquo;abbaye et son environnement dans tous leurs aspects, en privil\u00e9giant une approche la\u00efque et scientifique.<br \/>\nLes conf\u00e9rences sont gratuites et se d\u00e9roulent en r\u00e8gle g\u00e9n\u00e9rale dans la salle p\u00e9dagogique de l&rsquo;abbaye.<span style=\"font-size: 12pt;\">&nbsp;<\/span><\/span><br \/>\n<span style=\"font-family: verdana, geneva, sans-serif;\"> <strong>Un concert<\/strong> en partenariat avec l&rsquo;<a href=\"http:\/\/apac.over-blog.net\" target=\"_blank\" rel=\"noopener\">APAC<\/a> apporte une touche musicale de qualit\u00e9, ainsi qu&rsquo;<strong>une excursion<\/strong> proposant la visite de sites monastiques et autres souvent peu connus.<\/span><\/p>\n<p><a href=\"https:\/\/amisdebeauport.fr\/wp-content\/uploads\/2018\/04\/Programme-Norbert-2018.pdf\" target=\"_blank\" rel=\"noopener\"><strong>Programme de la Saint-Norbert 2018. <\/strong><\/a><\/p>\n<p><a href=\"https:\/\/amisdebeauport.fr\/index.php\/2018\/04\/21\/saint-norbert-des-annees-precedentes\/\" target=\"_blank\" rel=\"noopener\"><strong>Saint-Norbert des ann\u00e9es pr\u00e9c\u00e9dentes. <\/strong><\/a><\/p>\n<p>&nbsp;<\/p>\n<figure style=\"width: 711px\" class=\"wp-caption alignnone\"><img loading=\"lazy\" decoding=\"async\" class=\"\" src=\"https:\/\/amisdebeauport.fr\/wp-content\/gallery\/photos-de-labbaye\/Paimpol-K%C3%A9rity-et-Beauport-salle-p%C3%A9dagogique.jpg\" width=\"711\" height=\"462\"><figcaption class=\"wp-caption-text\"><strong>plan de situation de la salle p\u00e9dagogique de l&rsquo;abbaye de Beauport<\/strong><\/figcaption><\/figure>\n<p>&nbsp;<\/p>\n","protected":false},"excerpt":{"rendered":"<p>La \u00ab\u00a0Saint-Norbert\u00a0\u00bb, cr\u00e9\u00e9e en 1994, porte le nom de Norbert de Xanten qui, au XIIe si\u00e8cle, fonda l&rsquo;ordre de Pr\u00e9montr\u00e9 auquel appartenait la communaut\u00e9 de Beauport de 1200 \u00e0 1790. Les chanoines qui vivaient alors \u00e0 l&rsquo;abbaye \u00e9taient tourn\u00e9s vers le monde et pratiquaient de nombreuses activit\u00e9s intellectuelles et artistiques. Chaque ann\u00e9e au mois de [&hellip;]<\/p>\n","protected":false},"author":3,"featured_media":0,"comment_status":"open","ping_status":"open","sticky":false,"template":"","format":"standard","meta":{"_acf_changed":false,"ngg_post_thumbnail":0,"footnotes":""},"categories":[1],"tags":[],"class_list":["post-295","post","type-post","status-publish","format-standard","hentry","category-non-classe"],"acf":[],"_links":{"self":[{"href":"https:\/\/amisdebeauport.fr\/index.php\/wp-json\/wp\/v2\/posts\/295","targetHints":{"allow":["GET"]}}],"collection":[{"href":"https:\/\/amisdebeauport.fr\/index.php\/wp-json\/wp\/v2\/posts"}],"about":[{"href":"https:\/\/amisdebeauport.fr\/index.php\/wp-json\/wp\/v2\/types\/post"}],"author":[{"embeddable":true,"href":"https:\/\/amisdebeauport.fr\/index.php\/wp-json\/wp\/v2\/users\/3"}],"replies":[{"embeddable":true,"href":"https:\/\/amisdebeauport.fr\/index.php\/wp-json\/wp\/v2\/comments?post=295"}],"version-history":[{"count":10,"href":"https:\/\/amisdebeauport.fr\/index.php\/wp-json\/wp\/v2\/posts\/295\/revisions"}],"predecessor-version":[{"id":473,"href":"https:\/\/amisdebeauport.fr\/index.php\/wp-json\/wp\/v2\/posts\/295\/revisions\/473"}],"wp:attachment":[{"href":"https:\/\/amisdebeauport.fr\/index.php\/wp-json\/wp\/v2\/media?parent=295"}],"wp:term":[{"taxonomy":"category","embeddable":true,"href":"https:\/\/amisdebeauport.fr\/index.php\/wp-json\/wp\/v2\/categories?post=295"},{"taxonomy":"post_tag","embeddable":true,"href":"https:\/\/amisdebeauport.fr\/index.php\/wp-json\/wp\/v2\/tags?post=295"}],"curies":[{"name":"wp","href":"https:\/\/api.w.org\/{rel}","templated":true}]}}