{"id":313,"date":"2018-04-21T19:08:20","date_gmt":"2018-04-21T17:08:20","guid":{"rendered":"http:\/\/amisdebeauport.fr\/?p=313"},"modified":"2019-04-12T10:25:48","modified_gmt":"2019-04-12T08:25:48","slug":"programme-2019","status":"publish","type":"post","link":"https:\/\/amisdebeauport.fr\/index.php\/2018\/04\/21\/programme-2019\/","title":{"rendered":"Programme 2019"},"content":{"rendered":"<h2 class=\"western\" align=\"center\"><strong><span style=\"font-family: Arial, sans-serif; font-size: 24pt;\">Programme 2019<\/span><\/strong><\/h2>\n<p class=\"western\" align=\"left\"><span style=\"font-size: 12pt; font-family: arial, helvetica, sans-serif;\"><strong>Vendredi 12 avril<\/strong> \u00e0 20h30 dans la salle de r\u00e9union des b\u00e2timents administratifs :<br \/>\n<strong><i>\u00ab\u00a0Saint-Macaire en Baguer-Pican (pr\u00e8s de Dol) \u2013 une possession \u00e9loign\u00e9e de Beauport\u00a0\u00bb<\/i><\/strong>&nbsp;:<br \/>\nconf\u00e9rence de Bernard Pointel (historien du Pays de Dol, association Fran\u00e7ois Duine)&nbsp; <\/span><\/p>\n<p align=\"left\"><span style=\"font-size: 12pt;\">&nbsp;&nbsp;&nbsp;&nbsp;&nbsp;&nbsp; <span style=\"font-family: arial, helvetica, sans-serif;\"><strong><span style=\"font-size: 14pt;\">Saint-Norbert 2019 en juin<\/span> <\/strong><\/span><\/span><\/p>\n<p class=\"western\" align=\"left\"><span style=\"font-size: 12pt; font-family: arial, helvetica, sans-serif;\"><strong>Samedi 15 juin<\/strong> \u00e0 20h30 dans la salle au Duc&nbsp;:<br \/>\nConcert de la Saint-Norbert en partenariat avec l&rsquo;<a href=\"http:\/\/www.apac22.fr\" target=\"_blank\" rel=\"noopener\">APAC<\/a><br \/>\n<strong><em>\u00ab\u00a0Invitation au voyage : du sacr\u00e9 au profane\u00a0\u00bb<\/em><\/strong> par le Ch\u0153ur de chambre Kamerton.<br \/>\n<\/span><\/p>\n<p class=\"western\" align=\"left\"><span style=\"font-size: 12pt;\"><span style=\"font-family: arial, helvetica, sans-serif;\"><strong>Vendredi 21 juin<\/strong> visite et conf\u00e9rence autour du <strong>b\u00e2timent au Duc<\/strong> :<\/span><br \/>\n<span style=\"font-family: arial, helvetica, sans-serif;\">&#8211; \u00e0 16h00&nbsp;: d\u00e9couverte de la salle au Duc avec Claudie Herbaut <em>(r\u00e9serv\u00e9e aux adh\u00e9rents)<\/em><\/span><br \/>\n<span style=\"font-family: arial, helvetica, sans-serif;\">&#8211; \u00e0 17h30 dans la salle de la Pomme&nbsp;: <strong><em>\u00ab\u00a0Nouvelles observations sur le b\u00e2timent au Duc\u00a0\u00bb<\/em><\/strong>&nbsp;:<\/span><br \/>\n<span style=\"font-family: arial, helvetica, sans-serif;\">conf\u00e9rence de Claudie Herbaut, historienne du patrimoine &#8211; ouverte \u00e0 tous<\/span><br \/>\n<\/span><\/p>\n<p><span style=\"font-size: 12pt; font-family: arial, helvetica, sans-serif;\"><strong>Dimanche 23 juin&nbsp;: Excursion<\/strong><\/span><br \/>\n<span style=\"font-size: 12pt; font-family: arial, helvetica, sans-serif;\"><span lang=\"fr-FR\"><strong><em>\u00ab\u00a0Escapade en pays d\u2019Argoat\u00a0\u00bb<\/em><\/strong>&nbsp;<\/span><span lang=\"fr-FR\">:<br \/>\n<\/span>Avaugour, Saint-Fiacre, Saint-Pever, Magoar, repas bio chez Coriandre \u00e0 Tr\u00e9margat,<\/span><br \/>\n<span style=\"font-size: 12pt; font-family: arial, helvetica, sans-serif;\">Lanrivain, mus\u00e9e du manoir breton \u00e0 Bodilio<\/span><br \/>\n<span style=\"font-size: 12pt; font-family: arial, helvetica, sans-serif;\">sur r\u00e9servation, tarif de 38 \u20ac par personne tout compris (transport, repas avec boisson, entr\u00e9e au mus\u00e9e)<\/span><br \/>\n<span style=\"font-size: 12pt; font-family: arial, helvetica, sans-serif;\">&nbsp;&nbsp;&nbsp;&nbsp;&nbsp;&nbsp;&nbsp; Inscriptions ouvertes aupr\u00e8s de l\u2019association &#8211; ou inscription en ligne en fin d&rsquo;article<\/span><\/p>\n<p><span style=\"font-size: 12pt; font-family: arial, helvetica, sans-serif;\">&nbsp;&nbsp;&nbsp;&nbsp;&nbsp;&nbsp; <strong><span style=\"font-size: 14pt;\">Nouveaut\u00e9 de cette ann\u00e9e 2019 : programmation d&rsquo;automne<\/span><\/strong><\/span><\/p>\n<p class=\"western\" align=\"left\"><span style=\"font-size: 12pt; font-family: arial, helvetica, sans-serif;\"><strong>Vendredi 6 septembre<\/strong> \u00e0 20h30 dans la salle de la Pomme :<br \/>\n<strong><i>\u00ab\u00a0Histoire de cidres\u00a0\u00bb<\/i><\/strong><br \/>\nconf\u00e9rence d&rsquo;Yves Le&nbsp;Marec, artisan cidrier \u00e0 Paimpol&nbsp; <\/span><\/p>\n<p align=\"left\"><span style=\"font-size: 12pt; font-family: arial, helvetica, sans-serif;\"><strong>Samedi 5 octobre<\/strong> \u00e0 20h30 dans la salle de la Pomme&nbsp;:<\/span><br \/>\n<span style=\"font-size: 12pt; font-family: arial, helvetica, sans-serif;\"><strong><em>\u00ab\u00a0Gramercy Park Hotel\u00a0\u00bb<\/em><\/strong>, duo narration-guitare<\/span><br \/>\n<span style=\"font-size: 12pt; font-family: arial, helvetica, sans-serif;\">par Yves Catho et Jean Thiberville sur un texte de Laurent Gaud\u00e9&nbsp;<\/span><\/p>\n<p align=\"left\"><span style=\"font-size: 12pt; font-family: arial, helvetica, sans-serif;\"><strong>Vendredi 29 novembre<\/strong> \u00e0 20h30 dans la salle de la Pomme&nbsp;:<\/span><br \/>\n<span style=\"font-family: arial, helvetica, sans-serif;\"><strong><span style=\"font-size: 12pt;\"><em>\u00ab\u00a0Les ossuaires de Bretagne\u00a0\u00bb<\/em><\/span><\/strong><\/span><br \/>\n<span style=\"font-size: 12pt; font-family: arial, helvetica, sans-serif;\">conf\u00e9rence de Georges Provost, professeur \u00e0 universit\u00e9 de Rennes II&nbsp;<\/span><\/p>\n<p>&nbsp;<\/p>\n<p class=\"western\" align=\"left\"><span style=\"font-size: 12pt; font-family: arial, helvetica, sans-serif;\"><i>Entr\u00e9e gratuite pour les conf\u00e9rences&nbsp; <\/i><\/span><\/p>\n","protected":false},"excerpt":{"rendered":"<p>Programme 2019 Vendredi 12 avril \u00e0 20h30 dans la salle de r\u00e9union des b\u00e2timents administratifs : \u00ab\u00a0Saint-Macaire en Baguer-Pican (pr\u00e8s de Dol) \u2013 une possession \u00e9loign\u00e9e de Beauport\u00a0\u00bb&nbsp;: conf\u00e9rence de Bernard Pointel (historien du Pays de Dol, association Fran\u00e7ois Duine)&nbsp; &nbsp;&nbsp;&nbsp;&nbsp;&nbsp;&nbsp; Saint-Norbert 2019 en juin Samedi 15 juin \u00e0 20h30 dans la salle au Duc&nbsp;: [&hellip;]<\/p>\n","protected":false},"author":3,"featured_media":0,"comment_status":"open","ping_status":"open","sticky":false,"template":"","format":"standard","meta":{"_acf_changed":false,"ngg_post_thumbnail":0,"footnotes":""},"categories":[1],"tags":[],"class_list":["post-313","post","type-post","status-publish","format-standard","hentry","category-non-classe"],"acf":[],"_links":{"self":[{"href":"https:\/\/amisdebeauport.fr\/index.php\/wp-json\/wp\/v2\/posts\/313","targetHints":{"allow":["GET"]}}],"collection":[{"href":"https:\/\/amisdebeauport.fr\/index.php\/wp-json\/wp\/v2\/posts"}],"about":[{"href":"https:\/\/amisdebeauport.fr\/index.php\/wp-json\/wp\/v2\/types\/post"}],"author":[{"embeddable":true,"href":"https:\/\/amisdebeauport.fr\/index.php\/wp-json\/wp\/v2\/users\/3"}],"replies":[{"embeddable":true,"href":"https:\/\/amisdebeauport.fr\/index.php\/wp-json\/wp\/v2\/comments?post=313"}],"version-history":[{"count":17,"href":"https:\/\/amisdebeauport.fr\/index.php\/wp-json\/wp\/v2\/posts\/313\/revisions"}],"predecessor-version":[{"id":671,"href":"https:\/\/amisdebeauport.fr\/index.php\/wp-json\/wp\/v2\/posts\/313\/revisions\/671"}],"wp:attachment":[{"href":"https:\/\/amisdebeauport.fr\/index.php\/wp-json\/wp\/v2\/media?parent=313"}],"wp:term":[{"taxonomy":"category","embeddable":true,"href":"https:\/\/amisdebeauport.fr\/index.php\/wp-json\/wp\/v2\/categories?post=313"},{"taxonomy":"post_tag","embeddable":true,"href":"https:\/\/amisdebeauport.fr\/index.php\/wp-json\/wp\/v2\/tags?post=313"}],"curies":[{"name":"wp","href":"https:\/\/api.w.org\/{rel}","templated":true}]}}