{"id":342,"date":"2018-04-23T09:18:47","date_gmt":"2018-04-23T07:18:47","guid":{"rendered":"http:\/\/amisdebeauport.fr\/?p=342"},"modified":"2018-04-23T18:02:24","modified_gmt":"2018-04-23T16:02:24","slug":"meilleurs-souvenirs-de-beauport","status":"publish","type":"post","link":"https:\/\/amisdebeauport.fr\/index.php\/2018\/04\/23\/meilleurs-souvenirs-de-beauport\/","title":{"rendered":"Meilleurs souvenirs de Beauport"},"content":{"rendered":"<h3><a href=\"https:\/\/amisdebeauport.fr\/wp-content\/uploads\/2018\/04\/Couv.-meilleurs-souvenirs.pdf\" target=\"_blank\" rel=\"noopener\"><img loading=\"lazy\" decoding=\"async\" class=\"alignleft size-medium wp-image-346\" src=\"https:\/\/amisdebeauport.fr\/wp-content\/uploads\/2018\/04\/une-de-couverture-200x300.jpg\" alt=\"\" width=\"200\" height=\"300\" srcset=\"https:\/\/amisdebeauport.fr\/wp-content\/uploads\/2018\/04\/une-de-couverture-200x300.jpg 200w, https:\/\/amisdebeauport.fr\/wp-content\/uploads\/2018\/04\/une-de-couverture-768x1155.jpg 768w, https:\/\/amisdebeauport.fr\/wp-content\/uploads\/2018\/04\/une-de-couverture-681x1024.jpg 681w, https:\/\/amisdebeauport.fr\/wp-content\/uploads\/2018\/04\/une-de-couverture-570x857.jpg 570w, https:\/\/amisdebeauport.fr\/wp-content\/uploads\/2018\/04\/une-de-couverture.jpg 1255w\" sizes=\"auto, (max-width: 200px) 100vw, 200px\" \/>Meilleurs souvenirs de Beauport<\/a><\/h3>\n<p style=\"text-align: justify;\"><span style=\"font-family: verdana, geneva, sans-serif;\">Cet ouvrage collectif coordonn\u00e9 par Annie-Claude Ballini propose au lecteur une visite du domaine de Beauport \u00e0 travers la photographie. D\u00e8s le XIX<sup>e<\/sup> si\u00e8cle l\u2019abbaye attira de nombreux photographes : pionniers de ce proc\u00e9d\u00e9 nouveau, \u00e9diteurs de cartes postales, touristes en qu\u00eate de pittoresque, locataires de ces lieux magiques o\u00f9 ils habitaient quelques mois ou pendant l\u2019ann\u00e9e. Tous ces clich\u00e9s, aujourd\u2019hui dispers\u00e9s, ont \u00e9t\u00e9 s\u00e9lectionn\u00e9s et rassembl\u00e9s par les Amis de Beauport et permettent de mesurer le travail accompli par tous les acteurs de la \u00ab\u00a0renaissance\u00a0\u00bb de l\u2019abbaye.<\/span><br \/>\n<span style=\"font-family: verdana, geneva, sans-serif;\"> Gageons que ce petit livre fera d\u00e9couvrir aux amoureux de Beauport quelques secrets encore bien cach\u00e9s.<\/span><br \/>\n<span style=\"font-family: verdana, geneva, sans-serif;\"> Les auteurs : Annie-Claude Ballini, Fran\u00e7oise L\u00e9pinette, Yvon Ollivier-Henry, Claude Roy, Jean-Jacques Varlez, Henri Volf, Yves Ballini.<\/span><\/p>\n","protected":false},"excerpt":{"rendered":"<p>Meilleurs souvenirs de Beauport Cet ouvrage collectif coordonn\u00e9 par Annie-Claude Ballini propose au lecteur une visite du domaine de Beauport \u00e0 travers la photographie. D\u00e8s le XIXe si\u00e8cle l\u2019abbaye attira de nombreux photographes : pionniers de ce proc\u00e9d\u00e9 nouveau, \u00e9diteurs de cartes postales, touristes en qu\u00eate de pittoresque, locataires de ces lieux magiques o\u00f9 ils [&hellip;]<\/p>\n","protected":false},"author":3,"featured_media":0,"comment_status":"open","ping_status":"open","sticky":false,"template":"","format":"standard","meta":{"_acf_changed":false,"ngg_post_thumbnail":0,"footnotes":""},"categories":[1],"tags":[],"class_list":["post-342","post","type-post","status-publish","format-standard","hentry","category-non-classe"],"acf":[],"_links":{"self":[{"href":"https:\/\/amisdebeauport.fr\/index.php\/wp-json\/wp\/v2\/posts\/342","targetHints":{"allow":["GET"]}}],"collection":[{"href":"https:\/\/amisdebeauport.fr\/index.php\/wp-json\/wp\/v2\/posts"}],"about":[{"href":"https:\/\/amisdebeauport.fr\/index.php\/wp-json\/wp\/v2\/types\/post"}],"author":[{"embeddable":true,"href":"https:\/\/amisdebeauport.fr\/index.php\/wp-json\/wp\/v2\/users\/3"}],"replies":[{"embeddable":true,"href":"https:\/\/amisdebeauport.fr\/index.php\/wp-json\/wp\/v2\/comments?post=342"}],"version-history":[{"count":6,"href":"https:\/\/amisdebeauport.fr\/index.php\/wp-json\/wp\/v2\/posts\/342\/revisions"}],"predecessor-version":[{"id":425,"href":"https:\/\/amisdebeauport.fr\/index.php\/wp-json\/wp\/v2\/posts\/342\/revisions\/425"}],"wp:attachment":[{"href":"https:\/\/amisdebeauport.fr\/index.php\/wp-json\/wp\/v2\/media?parent=342"}],"wp:term":[{"taxonomy":"category","embeddable":true,"href":"https:\/\/amisdebeauport.fr\/index.php\/wp-json\/wp\/v2\/categories?post=342"},{"taxonomy":"post_tag","embeddable":true,"href":"https:\/\/amisdebeauport.fr\/index.php\/wp-json\/wp\/v2\/tags?post=342"}],"curies":[{"name":"wp","href":"https:\/\/api.w.org\/{rel}","templated":true}]}}