{"id":361,"date":"2018-04-23T11:00:49","date_gmt":"2018-04-23T09:00:49","guid":{"rendered":"http:\/\/amisdebeauport.fr\/?p=361"},"modified":"2019-04-11T19:47:38","modified_gmt":"2019-04-11T17:47:38","slug":"excursions","status":"publish","type":"post","link":"https:\/\/amisdebeauport.fr\/index.php\/2018\/04\/23\/excursions\/","title":{"rendered":"Excursions"},"content":{"rendered":"<p>&nbsp;<\/p>\n<h4>Excursion de la Saint-Norbert 2019 en car grand tourisme :<\/h4>\n<h4><em>\u00ab\u00a0Escapade en pays d\u2019Argoat\u00a0\u00bb<\/em> dimanche 23 juin<\/h4>\n<p>Avaugour, Saint-Fiacre, Saint-Pever, Magoar,<br \/>\nrepas bio chez Coriandre \u00e0 Tr\u00e9margat,<br \/>\nLanrivain, mus\u00e9e du manoir breton \u00e0 Bodilio<\/p>\n<p><strong>sur r\u00e9servation<\/strong>, tarif de 38 \u20ac par personne tout compris <span style=\"font-size: 10pt;\"><em>(transport, repas avec boisson, entr\u00e9 au mus\u00e9e)<\/em><\/span><br \/>\nInscriptions ouvertes aupr\u00e8s de l\u2019association.<\/p>\n<p>&nbsp;<\/p>\n<h4>Liens vers les descriptifs des excursions des ann\u00e9es r\u00e9centes :<\/h4>\n<p>Excursion du 20 juin 2018 : <a href=\"https:\/\/amisdebeauport.fr\/wp-content\/uploads\/2019\/04\/Descriptif-de-lexcursion-du-20-juin-2018-A5.pdf\" target=\"_blank\" rel=\"noopener\"><em>\u00ab\u00a0Excursion dans le pays de Dol\u00a0\u00bb<\/em><\/a><\/p>\n<p>Excursion du 25 juin 2017 : <a href=\"https:\/\/amisdebeauport.fr\/wp-content\/uploads\/2018\/04\/Excursion-2017-Les-d\u00e9pendances-de-Beauport-en-Go\u00eblo.pdf\" target=\"_blank\" rel=\"noopener\"><em>\u00ab\u00a0Les d\u00e9pendances de Beauport en Go\u00eblo : granges, prieur\u00e9s, \u00e9glises et presbyt\u00e8res\u00a0\u00bb<\/em><\/a>&nbsp;<\/p>\n<p>Excursion du 26 juin 2016 : <a href=\"https:\/\/amisdebeauport.fr\/wp-content\/uploads\/2018\/04\/Excursion-2016-Aux-confins-de-la-Bretagne.pdf\" target=\"_blank\" rel=\"noopener\"><em>\u00ab\u00a0Aux confins de la Bretagne, abbaye et prieur\u00e9 en for\u00eats de Craon et de Juign\u00e9\u00a0\u00bb<\/em><\/a>&nbsp;<\/p>\n<p>Excursion du 21 juin 2015 : <a href=\"https:\/\/amisdebeauport.fr\/wp-content\/uploads\/2018\/04\/Excursion-2015-abbayes-du-Finist\u00e8re.pdf\" target=\"_blank\" rel=\"noopener\"><em>\u00ab\u00a0Abbayes du Finist\u00e8re de Landevennec \u00e0 Notre-Dame des Anges (aber Wrac&rsquo;h)\u00a0\u00bb<\/em><\/a>&nbsp;<\/p>\n<p>Excursion du 28 juin 2014 : <a href=\"https:\/\/amisdebeauport.fr\/wp-content\/uploads\/2018\/04\/Excursion-2014-Diagonale-des-abbayes.pdf\" target=\"_blank\" rel=\"noopener\"><em>\u00ab\u00a0La diagonale des abbayes bretonnes\u00a0\u00bb<\/em><\/a><br \/>\nSte-Croix de Guingamp, ND de Langonnet, Ste-Croix de Quimperl\u00e9, St-Maurice \u00e0 Clohars-Carno\u00ebt&nbsp;<\/p>\n<p>Excursion du 23 septembre 2012 : <a href=\"https:\/\/amisdebeauport.fr\/wp-content\/uploads\/2018\/04\/Excursion-2012-Sur-les-pas-de-Nicolas-Fouquet.pdf\" target=\"_blank\" rel=\"noopener\"><em>\u00ab\u00a0Sur les pas de Nicolas Fouquet dans les bois de Beauport\u00a0\u00bb<\/em><\/a>, balade cont\u00e9e&nbsp;<\/p>\n<p>Excursion du 5 juin 2011 : <a href=\"https:\/\/amisdebeauport.fr\/wp-content\/uploads\/2018\/04\/Excursion-2011-abbayes-de-Normandie.pdf\" target=\"_blank\" rel=\"noopener\"><em>\u00ab\u00a0Abbayes de Normandie\u00a0\u00bb<\/em><\/a> : Hambye, Mondaye, Ardenne&nbsp;<\/p>\n<p>Excursion du 26 juin 2010 : <a href=\"https:\/\/amisdebeauport.fr\/wp-content\/uploads\/2018\/04\/Excursion-2010-Avranches-et-La-Lucerne.pdf\" target=\"_blank\" rel=\"noopener\">Scriptorial d&rsquo;Avranches et abbaye de La Lucerne<\/a>&nbsp;<\/p>\n<p>Excursion du 20 juin 2009 : <a href=\"https:\/\/amisdebeauport.fr\/wp-content\/uploads\/2018\/04\/Excursion-2009-Croisi\u00e8re-Moines-et-corsaires.pdf\" target=\"_blank\" rel=\"noopener\">croisi\u00e8re <em>\u00ab\u00a0Au gr\u00e9 des flots &#8211; Moines et corsaires dans l&rsquo;archipel de Br\u00e9hat\u00a0\u00bb<\/em>&nbsp;<\/a><\/p>\n<p>&nbsp;<\/p>\n<h4><strong>et auparavant :<\/strong><\/h4>\n<p>Saint-Rion, Bon-Repos, Coatmalouen, Daoulas, Land\u00e9vennec, Saint-Magloire de L\u00e9hon<br \/>\net plusieurs anciennes d\u00e9pendances de Beauport<\/p>\n<p>ainsi que la m\u00e9morable croisi\u00e8re monastique du 30 juin 1996 \u00e0 bord de trois vieux gr\u00e9ements<\/p>\n","protected":false},"excerpt":{"rendered":"<p>&nbsp; Excursion de la Saint-Norbert 2019 en car grand tourisme : \u00ab\u00a0Escapade en pays d\u2019Argoat\u00a0\u00bb dimanche 23 juin Avaugour, Saint-Fiacre, Saint-Pever, Magoar, repas bio chez Coriandre \u00e0 Tr\u00e9margat, Lanrivain, mus\u00e9e du manoir breton \u00e0 Bodilio sur r\u00e9servation, tarif de 38 \u20ac par personne tout compris (transport, repas avec boisson, entr\u00e9 au mus\u00e9e) Inscriptions ouvertes aupr\u00e8s [&hellip;]<\/p>\n","protected":false},"author":3,"featured_media":0,"comment_status":"open","ping_status":"open","sticky":false,"template":"","format":"standard","meta":{"_acf_changed":false,"ngg_post_thumbnail":0,"footnotes":""},"categories":[1],"tags":[],"class_list":["post-361","post","type-post","status-publish","format-standard","hentry","category-non-classe"],"acf":[],"_links":{"self":[{"href":"https:\/\/amisdebeauport.fr\/index.php\/wp-json\/wp\/v2\/posts\/361","targetHints":{"allow":["GET"]}}],"collection":[{"href":"https:\/\/amisdebeauport.fr\/index.php\/wp-json\/wp\/v2\/posts"}],"about":[{"href":"https:\/\/amisdebeauport.fr\/index.php\/wp-json\/wp\/v2\/types\/post"}],"author":[{"embeddable":true,"href":"https:\/\/amisdebeauport.fr\/index.php\/wp-json\/wp\/v2\/users\/3"}],"replies":[{"embeddable":true,"href":"https:\/\/amisdebeauport.fr\/index.php\/wp-json\/wp\/v2\/comments?post=361"}],"version-history":[{"count":12,"href":"https:\/\/amisdebeauport.fr\/index.php\/wp-json\/wp\/v2\/posts\/361\/revisions"}],"predecessor-version":[{"id":670,"href":"https:\/\/amisdebeauport.fr\/index.php\/wp-json\/wp\/v2\/posts\/361\/revisions\/670"}],"wp:attachment":[{"href":"https:\/\/amisdebeauport.fr\/index.php\/wp-json\/wp\/v2\/media?parent=361"}],"wp:term":[{"taxonomy":"category","embeddable":true,"href":"https:\/\/amisdebeauport.fr\/index.php\/wp-json\/wp\/v2\/categories?post=361"},{"taxonomy":"post_tag","embeddable":true,"href":"https:\/\/amisdebeauport.fr\/index.php\/wp-json\/wp\/v2\/tags?post=361"}],"curies":[{"name":"wp","href":"https:\/\/api.w.org\/{rel}","templated":true}]}}