{"id":462,"date":"2018-04-26T10:12:43","date_gmt":"2018-04-26T08:12:43","guid":{"rendered":"http:\/\/amisdebeauport.fr\/?p=462"},"modified":"2018-04-28T10:27:30","modified_gmt":"2018-04-28T08:27:30","slug":"les-permanences","status":"publish","type":"post","link":"https:\/\/amisdebeauport.fr\/index.php\/2018\/04\/26\/les-permanences\/","title":{"rendered":"Les permanences"},"content":{"rendered":"<p><span style=\"font-family: verdana, geneva, sans-serif; font-size: 12pt;\">Grace \u00e0 la municipalit\u00e9 de Paimpol, l\u2019association dispose depuis 2007 d\u2019un local situ\u00e9 au 2<sup>e<\/sup> \u00e9tage de la <strong>villa Labenne<\/strong>, 16 rue B\u00e9cot, 22500 Paimpol.&nbsp;<\/span><\/p>\n<p><span style=\"font-family: verdana, geneva, sans-serif; font-size: 12pt;\">L\u2019association y tient une permanence le <strong>premier vendredi de chaque mois<\/strong> de <strong>14h \u00e0 17h<\/strong>:&nbsp;l\u2019occasion de d\u00e9couvrir la documentation de l\u2019association, de se procurer un num\u00e9ro r\u00e9cent ou plus ancien des <em>Cahiers de Beauport<\/em> \u2026 et de faire connaissance avec la villa Labenne.<\/span><\/p>\n<p><span style=\"font-family: verdana, geneva, sans-serif; font-size: 12pt;\">D\u2019autres rencontres sont possibles sur rendez-vous pr\u00e9alable : 02 96 55 94 16 ou amisdebeauport@orange.fr<br \/>\n<\/span><\/p>\n<figure style=\"width: 648px\" class=\"wp-caption alignnone\"><img loading=\"lazy\" decoding=\"async\" class=\"\" src=\"https:\/\/amisdebeauport.fr\/wp-content\/gallery\/photos-de-labbaye\/Paimpol-villa-Labenne.jpg\" width=\"648\" height=\"372\"><figcaption class=\"wp-caption-text\"><strong>plan de situation de la villa Labenne \u00e0 Paimpol<\/strong><\/figcaption><\/figure>\n<p>&nbsp;<\/p>\n","protected":false},"excerpt":{"rendered":"<p>Grace \u00e0 la municipalit\u00e9 de Paimpol, l\u2019association dispose depuis 2007 d\u2019un local situ\u00e9 au 2e \u00e9tage de la villa Labenne, 16 rue B\u00e9cot, 22500 Paimpol.&nbsp; L\u2019association y tient une permanence le premier vendredi de chaque mois de 14h \u00e0 17h:&nbsp;l\u2019occasion de d\u00e9couvrir la documentation de l\u2019association, de se procurer un num\u00e9ro r\u00e9cent ou plus ancien [&hellip;]<\/p>\n","protected":false},"author":3,"featured_media":0,"comment_status":"open","ping_status":"open","sticky":false,"template":"","format":"standard","meta":{"_acf_changed":false,"ngg_post_thumbnail":0,"footnotes":""},"categories":[1],"tags":[],"class_list":["post-462","post","type-post","status-publish","format-standard","hentry","category-non-classe"],"acf":[],"_links":{"self":[{"href":"https:\/\/amisdebeauport.fr\/index.php\/wp-json\/wp\/v2\/posts\/462","targetHints":{"allow":["GET"]}}],"collection":[{"href":"https:\/\/amisdebeauport.fr\/index.php\/wp-json\/wp\/v2\/posts"}],"about":[{"href":"https:\/\/amisdebeauport.fr\/index.php\/wp-json\/wp\/v2\/types\/post"}],"author":[{"embeddable":true,"href":"https:\/\/amisdebeauport.fr\/index.php\/wp-json\/wp\/v2\/users\/3"}],"replies":[{"embeddable":true,"href":"https:\/\/amisdebeauport.fr\/index.php\/wp-json\/wp\/v2\/comments?post=462"}],"version-history":[{"count":4,"href":"https:\/\/amisdebeauport.fr\/index.php\/wp-json\/wp\/v2\/posts\/462\/revisions"}],"predecessor-version":[{"id":480,"href":"https:\/\/amisdebeauport.fr\/index.php\/wp-json\/wp\/v2\/posts\/462\/revisions\/480"}],"wp:attachment":[{"href":"https:\/\/amisdebeauport.fr\/index.php\/wp-json\/wp\/v2\/media?parent=462"}],"wp:term":[{"taxonomy":"category","embeddable":true,"href":"https:\/\/amisdebeauport.fr\/index.php\/wp-json\/wp\/v2\/categories?post=462"},{"taxonomy":"post_tag","embeddable":true,"href":"https:\/\/amisdebeauport.fr\/index.php\/wp-json\/wp\/v2\/tags?post=462"}],"curies":[{"name":"wp","href":"https:\/\/api.w.org\/{rel}","templated":true}]}}