{"id":517,"date":"2018-04-30T16:58:57","date_gmt":"2018-04-30T14:58:57","guid":{"rendered":"http:\/\/amisdebeauport.fr\/?p=517"},"modified":"2018-05-04T15:29:57","modified_gmt":"2018-05-04T13:29:57","slug":"les-cahiers-de-beauport-du-n9-2003-au-n23-2018","status":"publish","type":"post","link":"https:\/\/amisdebeauport.fr\/index.php\/2018\/04\/30\/les-cahiers-de-beauport-du-n9-2003-au-n23-2018\/","title":{"rendered":"Les Cahiers de Beauport du n\u00b09 (2003) au n\u00b023 (2018)"},"content":{"rendered":"<p>&nbsp;<\/p>\n<h3><strong><span style=\"font-family: verdana, geneva, sans-serif; font-size: 14pt;\"><img loading=\"lazy\" decoding=\"async\" class=\"alignleft size-medium wp-image-552\" src=\"https:\/\/amisdebeauport.fr\/wp-content\/uploads\/2018\/05\/Cahier-n\u00b023-212x300.jpg\" alt=\"\" width=\"212\" height=\"300\">Sommaire du N\u00b023 \u2013 2018 : <\/span><\/strong><\/h3>\n<p><span style=\"font-family: verdana, geneva, sans-serif; font-size: 12pt;\">Avec sept aquarelles de Jo Balanant<\/span><\/p>\n<ul style=\"list-style-type: square;\">\n<li><span style=\"font-family: verdana, geneva, sans-serif; font-size: 12pt;\">Yves Le Bonniec&nbsp;: <strong>Deux membres de la communaut\u00e9 de Beauport Francs-Ma\u00e7ons au XVIII<sup>e<\/sup> si\u00e8cle <\/strong><\/span><\/li>\n<li><span style=\"font-family: verdana, geneva, sans-serif; font-size: 12pt;\">D\u2019apr\u00e8s les recherches d\u2019Annie-Claude et Yves Ballini, Michel-Yves Bernard, Jacques Le Tron&nbsp;:<br \/>\n<\/span><strong><span style=\"font-family: verdana, geneva, sans-serif; font-size: 12pt;\">La congr\u00e9gation du scapulaire blanc <\/span><\/strong><\/li>\n<li><span style=\"font-family: verdana, geneva, sans-serif; font-size: 12pt;\">Jean-Yves Le Moing&nbsp;: <strong>Les noms de lieux autour de Beauport <\/strong><\/span><\/li>\n<li><span style=\"font-family: verdana, geneva, sans-serif; font-size: 12pt;\">Jean-Paul Le Buhan&nbsp;: <strong>Le pentagramme de Beauport<\/strong>&nbsp;<\/span><\/li>\n<li><strong><span style=\"font-family: verdana, geneva, sans-serif; font-size: 12pt;\">\u00c0 propos du classement de l\u2019abbaye <\/span><\/strong><\/li>\n<li><span style=\"font-family: verdana, geneva, sans-serif; font-size: 12pt;\">Annie-Claude Ballini&nbsp;: <strong>La temp\u00eate de 1922 <\/strong><\/span><\/li>\n<li><strong><span style=\"font-family: verdana, geneva, sans-serif; font-size: 12pt;\">Le chandelier pascal de Beauport en tenue de soir\u00e9e <\/span><\/strong><\/li>\n<li><strong><span style=\"font-family: verdana, geneva, sans-serif; font-size: 12pt;\">Une borne-tampon jacquaire \u00e0 Beauport <\/span><\/strong><\/li>\n<li><span style=\"font-family: verdana, geneva, sans-serif; font-size: 12pt;\">Yves Le Bonniec&nbsp;: <strong>60 ans d&rsquo;\u00e9tudes sur Beauport <\/strong><\/span><\/li>\n<\/ul>\n<h3><strong><span style=\"font-family: verdana, geneva, sans-serif; font-size: 14pt;\"><img loading=\"lazy\" decoding=\"async\" class=\"alignleft size-medium wp-image-565\" src=\"https:\/\/amisdebeauport.fr\/wp-content\/uploads\/2018\/05\/Cahier-n\u00b022-212x300.jpg\" alt=\"\" width=\"212\" height=\"300\">Sommaire du N\u00b022 \u2013 2017 : <\/span><\/strong><\/h3>\n<ul style=\"list-style-type: square;\">\n<li><span style=\"font-family: verdana, geneva, sans-serif; font-size: 12pt;\"><strong>La noblesse et Beauport au XIII<sup>e<\/sup> si\u00e8cle<\/strong>&nbsp; <\/span><span style=\"font-family: verdana, geneva, sans-serif; font-size: 12pt;\">(r\u00e9sum\u00e9 de la conf\u00e9rence d&rsquo;Yves Coativy par Yves Le&nbsp;Bonniec) <\/span><\/li>\n<li><span style=\"font-family: verdana, geneva, sans-serif; font-size: 12pt;\">Jean-Claude Meuret&nbsp;: <strong>Une abbaye et sa mise en valeur agraire&nbsp;: Notre-dame de La Ro\u00eb <\/strong><\/span><\/li>\n<li><span style=\"font-family: verdana, geneva, sans-serif; font-size: 12pt;\">Annie-Claude Ballini&nbsp;: <strong>Entre Bretagne et Anjou&nbsp;: La Primaudi\u00e8re <\/strong><\/span><\/li>\n<li><span style=\"font-family: verdana, geneva, sans-serif; font-size: 12pt;\">Annie-Claude Ballini&nbsp;: <strong>Un prieur\u00e9 pr\u00e9montr\u00e9 en for\u00eat de La Guerche de Bretagne <\/strong><\/span><\/li>\n<li><span style=\"font-family: verdana, geneva, sans-serif; font-size: 12pt;\">Chlo\u00e9 Martin&nbsp;: <strong>La production de sel sur le littoral des C\u00f4tes-d\u2019Armor <\/strong><\/span><\/li>\n<li><span style=\"font-family: verdana, geneva, sans-serif; font-size: 12pt;\">Annie-Claude Ballini&nbsp;: <strong>Charles Hamonic \u2013 un peintre \u00e0 Beauport <\/strong><\/span><\/li>\n<li><span style=\"font-family: verdana, geneva, sans-serif; font-size: 12pt;\">Yves Ballini&nbsp;: <strong>Liste des chanoines de Beauport prieurs-recteurs en paroisses aux XVII<sup>e<\/sup> et XVIII<sup>e<\/sup> si\u00e8cles <\/strong><\/span><\/li>\n<li><span style=\"font-family: verdana, geneva, sans-serif; font-size: 12pt;\">Annie-Claude Ballini&nbsp;: <strong>Simulation ou pathologie psychiatrique&nbsp;?&nbsp; <\/strong><\/span><strong><span style=\"font-family: verdana, geneva, sans-serif; font-size: 12pt;\">L\u2019affaire Puluard (1717) \u2013 un proc\u00e8s dans la juridiction de Beauport<\/span><\/strong><\/li>\n<\/ul>\n<h3><span style=\"font-family: verdana, geneva, sans-serif; font-size: 14pt;\"><strong><img loading=\"lazy\" decoding=\"async\" class=\"alignleft size-medium wp-image-564\" src=\"https:\/\/amisdebeauport.fr\/wp-content\/uploads\/2018\/05\/Cahier-n\u00b021-212x300.jpg\" alt=\"\" width=\"212\" height=\"300\">Sommaire du N\u00b021 \u2013 2016 :<\/strong> <\/span><\/h3>\n<ul style=\"list-style-type: square;\">\n<li><span style=\"font-family: verdana, geneva, sans-serif; font-size: 12pt;\">Georges Provost&nbsp;: <strong>Le clerg\u00e9 bretonnant dans le Go\u00eblo aux XVII<sup>e<\/sup> et XVIII<sup>e<\/sup> si\u00e8cles <\/strong><\/span><\/li>\n<li><span style=\"font-family: verdana, geneva, sans-serif; font-size: 12pt;\">Herv\u00e9 Lorant&nbsp;: <strong>Entre le maigre et le gras : la culture alimentaire \u00e0 Beauport sous l&rsquo;Ancien R\u00e9gime <\/strong><\/span><\/li>\n<li><span style=\"font-family: verdana, geneva, sans-serif; font-size: 12pt;\">Annie-Claude Ballini&nbsp;: <strong>Les repas d\u2019exception \u00e0 Beauport \u00e0 la fin du XVII<sup>e<\/sup> si\u00e8cle <\/strong><\/span><\/li>\n<li><span style=\"font-family: verdana, geneva, sans-serif; font-size: 12pt;\">Annie-Claude Ballini&nbsp;: <strong>Pr\u00e9sentation du \u00ab\u00a0repas des deux \u00e9v\u00eaques\u00a0\u00bb \u2013 soir\u00e9e du 22 avril 2016 <\/strong><\/span><\/li>\n<li><span style=\"font-family: verdana, geneva, sans-serif; font-size: 12pt;\">Annie-Claude Ballini&nbsp;: <strong>Le repas des deux \u00e9v\u00eaques<\/strong><br \/>\n<\/span><span style=\"font-family: verdana, geneva, sans-serif; font-size: 12pt;\">avec une lettre de la marquise de S\u00e9vign\u00e9 et une lettre de la princesse Palatine <\/span><\/li>\n<li><span style=\"font-family: verdana, geneva, sans-serif; font-size: 12pt;\">Annie-Claude et Yves Ballini&nbsp;: <strong>L\u2019abbaye en crise vers 1600&nbsp;: mythe et r\u00e9alit\u00e9 <\/strong><\/span><\/li>\n<li><span style=\"font-family: verdana, geneva, sans-serif; font-size: 12pt;\">Andr\u00e9-Yves Bourg\u00e8s&nbsp;: <strong>R\u00e9flexions sur le vocable de l\u2019abbaye de Beauport <\/strong><\/span><\/li>\n<li><span style=\"font-family: verdana, geneva, sans-serif; font-size: 12pt;\">Andr\u00e9-Yves Bourg\u00e8s&nbsp;: <strong>Beauport et le complot bl\u00e9siste de 1422<\/strong><br \/>\n<\/span><\/li>\n<\/ul>\n<h3><strong><span style=\"font-family: verdana, geneva, sans-serif; font-size: 12pt;\"><span style=\"font-size: 14pt;\"><img loading=\"lazy\" decoding=\"async\" class=\"alignleft size-medium wp-image-563\" src=\"https:\/\/amisdebeauport.fr\/wp-content\/uploads\/2018\/05\/Cahier-n\u00b020-212x300.jpg\" alt=\"\" width=\"212\" height=\"300\">Sommaire du N\u00b020 \u2013 2015 :<\/span> <\/span><\/strong><\/h3>\n<ul style=\"list-style-type: square;\">\n<li><span style=\"font-family: verdana, geneva, sans-serif; font-size: 12pt;\"><strong>Beauport de vives voix<\/strong> (textes des lectures th\u00e9\u00e2tralis\u00e9es des 2 juin 2012 et 5 octobre 2014) <\/span><\/li>\n<li><span style=\"font-family: verdana, geneva, sans-serif; font-size: 12pt;\">Jean-Paul Cornec et Pierre Labat&nbsp;: <strong>Une histoire de cadrans solaires <\/strong><\/span><\/li>\n<li><span style=\"font-family: verdana, geneva, sans-serif; font-size: 12pt;\">Yves Ballini&nbsp;: <strong>Un chanoine des Lumi\u00e8res \u00e0 Beauport&nbsp;: Claude Le&nbsp;Duc <\/strong><\/span><\/li>\n<li><span style=\"font-family: verdana, geneva, sans-serif; font-size: 12pt;\">Andr\u00e9-Yves Bourg\u00e8s&nbsp;: <strong>Les saints de Beauport <\/strong><\/span><\/li>\n<li><span style=\"font-family: verdana, geneva, sans-serif; font-size: 12pt;\">Dominique B\u00e9neult et John Renouf&nbsp;: <strong>Une pr\u00e9sence anglaise \u00e0 Beauport&nbsp;: le \u00ab\u00a0marbre de Purbeck \u00a0\u00bb (XIII<sup>e<\/sup>)<\/strong><\/span><\/li>\n<\/ul>\n<h3>&nbsp;<span style=\"font-size: 14pt;\"><strong><span style=\"font-family: verdana, geneva, sans-serif;\"><img loading=\"lazy\" decoding=\"async\" class=\"alignleft size-medium wp-image-566\" src=\"https:\/\/amisdebeauport.fr\/wp-content\/uploads\/2018\/05\/Cahier-n\u00b018-19-212x300.jpg\" alt=\"\" width=\"212\" height=\"300\">Sommaire du N\u00b018-19 \u2013 2014 : Sp\u00e9cial 20<sup>e<\/sup> anniversaire <\/span><\/strong><\/span><\/h3>\n<ul style=\"list-style-type: square;\">\n<li><span style=\"font-family: verdana, geneva, sans-serif; font-size: 12pt;\">Max Querrien&nbsp;: <strong>La renaissance de l&rsquo;abbaye de Beauport \u00e0 la fin du XX<sup>e<\/sup> si\u00e8cle <\/strong><\/span><\/li>\n<li><span style=\"font-family: verdana, geneva, sans-serif; font-size: 12pt;\">Dominique-Marie Dauzet&nbsp;: <strong>Les Pr\u00e9montr\u00e9s de saint Norbert \u00e0 nos jours <\/strong><\/span><\/li>\n<li><span style=\"font-family: verdana, geneva, sans-serif; font-size: 12pt;\">Fr\u00e9d\u00e9ric Morvan&nbsp;: <strong>Alain de Bretagne (1154-1212) fondateur de l&rsquo;abbaye de Beauport <\/strong><\/span><\/li>\n<li><span style=\"font-family: verdana, geneva, sans-serif; font-size: 12pt;\">Magali Coumert&nbsp;: <strong>La formation de la Bretagne <\/strong><\/span><\/li>\n<li><span style=\"font-family: verdana, geneva, sans-serif; font-size: 12pt;\">Jean-Paul Le&nbsp;Buhan&nbsp;: <strong>Les signes sur la pierre ou les murs murmurent <\/strong><\/span><\/li>\n<li><span style=\"font-family: verdana, geneva, sans-serif; font-size: 12pt;\"><strong>Beauport de vives voix<\/strong>&nbsp;(titres des textes des lectures th\u00e9\u00e2tralis\u00e9es du 2 juin 2012) <\/span><\/li>\n<li><span style=\"font-family: verdana, geneva, sans-serif; font-size: 12pt;\">Am\u00e9lie Nabucet et Anthony Guillemot&nbsp;: <strong>Nicolas Fouquet face \u00e0 l&rsquo;abbaye de Beauport <\/strong><\/span><\/li>\n<li><span style=\"font-family: verdana, geneva, sans-serif; font-size: 12pt;\">Pierre Le&nbsp;Buhan&nbsp;: <strong>Crimes de sang et justice dans les C\u00f4tes-d&rsquo;Armor (XVII<sup>e<\/sup>-XVIII<sup>e<\/sup> si\u00e8cles) <\/strong><\/span><\/li>\n<li><span style=\"font-family: verdana, geneva, sans-serif; font-size: 12pt;\">Claude Roy&nbsp;: <strong>L&rsquo;abbaye de Beauport dans la photographie et la carte postale<\/strong><\/span><\/li>\n<\/ul>\n<h3><strong><span style=\"font-family: verdana, geneva, sans-serif; font-size: 12pt;\"><span style=\"font-size: 14pt;\">&nbsp;<\/span><\/span><\/strong><strong><span style=\"font-family: verdana, geneva, sans-serif; font-size: 12pt;\"><span style=\"font-size: 14pt;\"><img loading=\"lazy\" decoding=\"async\" class=\"alignleft size-medium wp-image-561\" src=\"https:\/\/amisdebeauport.fr\/wp-content\/uploads\/2018\/05\/Cahier-n\u00b017-213x300.jpg\" alt=\"\" width=\"213\" height=\"300\">Sommaire du N\u00b017 \u2013 2012 :<\/span> <\/span><\/strong><\/h3>\n<ul style=\"list-style-type: square;\">\n<li><span style=\"font-family: verdana, geneva, sans-serif; font-size: 12pt;\">Annie-Claude Ballini&nbsp;: <strong>La sacristie de Beauport ou l&rsquo;histoire d&rsquo;une red\u00e9couverte <\/strong><\/span><\/li>\n<li><span style=\"font-family: verdana, geneva, sans-serif; font-size: 12pt;\">Jacques Dervilly&nbsp;: <strong>Entre Beauport et Lancerf. La Chanson (perdue) d\u2019Alain Barbetorte <\/strong><\/span><\/li>\n<li><span style=\"font-family: verdana, geneva, sans-serif; font-size: 12pt;\">Yves Ballini&nbsp;: <strong>Dictionnaire biographique des chanoines de Beauport aux XVII<sup>e<\/sup> et XVIII<sup>e<\/sup> si\u00e8cles <\/strong><\/span><\/li>\n<li><span style=\"font-family: verdana, geneva, sans-serif; font-size: 12pt;\">Yves Ballini&nbsp;: <strong>Une carte postale de Beauport pour Constantinople<\/strong><\/span><\/li>\n<\/ul>\n<h3>&nbsp;<\/h3>\n<h3>&nbsp;<strong><span style=\"font-family: verdana, geneva, sans-serif; font-size: 14pt;\"><img loading=\"lazy\" decoding=\"async\" class=\"alignleft size-medium wp-image-560\" src=\"https:\/\/amisdebeauport.fr\/wp-content\/uploads\/2018\/05\/Cahier-n\u00b016-212x300.jpg\" alt=\"\" width=\"212\" height=\"300\">Sommaire du N\u00b016 \u2013 2011 : <\/span><\/strong><\/h3>\n<ul style=\"list-style-type: square;\">\n<li><span style=\"font-family: verdana, geneva, sans-serif; font-size: 12pt;\">Herv\u00e9 Le&nbsp;Goff&nbsp;: <strong>Paimpol au temps de la Ligue, une illustration en histoire de l&rsquo;effet papillon <\/strong><\/span><\/li>\n<li><span style=\"font-family: verdana, geneva, sans-serif; font-size: 12pt;\">Annie-Claude Ballini&nbsp;: <strong>Exil\u00e9s et lettres de cachet \u00e0 l&rsquo;Ile Verte et \u00e0 Beauport aux XVII<sup>e<\/sup> et XVIII<sup>e<\/sup> si\u00e8cles<\/strong><\/span><\/li>\n<\/ul>\n<p>&nbsp;<\/p>\n<h3>&nbsp;&nbsp;<\/h3>\n<h3>&nbsp;<span style=\"font-family: verdana, geneva, sans-serif; font-size: 14pt;\"><strong><img loading=\"lazy\" decoding=\"async\" class=\"alignleft size-medium wp-image-559\" src=\"https:\/\/amisdebeauport.fr\/wp-content\/uploads\/2018\/05\/Cahier-n\u00b015-212x300.jpg\" alt=\"\" width=\"212\" height=\"300\">Sommaire du N\u00b015 \u2013 2009-2010 :<\/strong> <\/span><\/h3>\n<p><span style=\"font-family: verdana, geneva, sans-serif; font-size: 12pt;\">avec des reproductions d&rsquo;estampes originales de Pierre Gallian. <\/span><\/p>\n<ul style=\"list-style-type: square;\">\n<li><span style=\"font-family: verdana, geneva, sans-serif; font-size: 12pt;\"><strong>Musique et po\u00e9sie en Beauport &#8211; \u00e9vocation de la soir\u00e9e du 5 juin 2009<\/strong><br \/>\n<\/span><span style=\"font-family: verdana, geneva, sans-serif; font-size: 12pt;\">avec les textes lus par \u00c9lisabeth Margoni : \u00ab\u00a0Le testament du fr\u00eane\u00a0\u00bb de Laurence Meiffret, <\/span><span style=\"font-family: verdana, geneva, sans-serif; font-size: 12pt;\">et \u00ab\u00a0La visite de Beauport\u00a0\u00bb du chanoine Le Sage. <\/span><\/li>\n<li><span style=\"font-family: verdana, geneva, sans-serif; font-size: 12pt;\">Pascale Techer : <\/span><span style=\"font-family: verdana, geneva, sans-serif; font-size: 12pt;\"><strong>L&rsquo;\u00e9glise Notre-Dame de Beauport : \u00e9tude arch\u00e9ologique<\/strong>, hypoth\u00e8ses de progression du chantier <\/span><\/li>\n<li><span style=\"font-family: verdana, geneva, sans-serif; font-size: 12pt;\">Annie-Claude Ballini&nbsp;: <strong>Les pr\u00e9montr\u00e9s \u00e0 Br\u00e9hat <\/strong><\/span><\/li>\n<li><span style=\"font-family: verdana, geneva, sans-serif; font-size: 12pt;\">Henri Volf&nbsp;: <strong>L&rsquo;\u00e9glise de Br\u00e9hat <\/strong><\/span><\/li>\n<li><span style=\"font-family: verdana, geneva, sans-serif; font-size: 12pt;\">Yves Ballini&nbsp;: <\/span><span style=\"font-family: verdana, geneva, sans-serif; font-size: 12pt;\"><span style=\"font-family: verdana, geneva, sans-serif; font-size: 12pt;\"><strong>La fin du corsaire fant\u00f4me<\/strong> &#8211; relecture et identification des tombes du porche de l\u2019\u00e9glise de Br\u00e9hat<\/span><\/span><\/li>\n<li><span style=\"font-family: verdana, geneva, sans-serif; font-size: 12pt;\">Annie-Claude Ballini (d&rsquo;apr\u00e8s Jean-Fran\u00e7ois Jacq)&nbsp;: <strong>La course \u00e0 Paimpol et Br\u00e9hat au XVIII<sup>e<\/sup> si\u00e8cle <\/strong><\/span><\/li>\n<li><span style=\"font-family: verdana, geneva, sans-serif; font-size: 12pt;\">Annie-Claude Ballini (d&rsquo;apr\u00e8s Guy de Lummen)&nbsp;: <\/span><span style=\"font-family: verdana, geneva, sans-serif; font-size: 12pt;\"><strong>Louis Robert, premier photographe de l&rsquo;abbaye de Beauport<\/strong><br \/>\n<\/span><\/li>\n<\/ul>\n<h3><strong><span style=\"font-family: verdana, geneva, sans-serif; font-size: 12pt;\"><span style=\"font-size: 14pt;\"><img loading=\"lazy\" decoding=\"async\" class=\"alignleft size-medium wp-image-558\" src=\"https:\/\/amisdebeauport.fr\/wp-content\/uploads\/2018\/05\/Cahier-n\u00b014-209x300.jpg\" alt=\"\" width=\"209\" height=\"300\">Sommaire du N\u00b014 \u2013 2008-2009 :<\/span> <\/span><\/strong><\/h3>\n<ul style=\"list-style-type: square;\">\n<li><span style=\"font-family: verdana, geneva, sans-serif; font-size: 12pt;\">Yves Le Bonniec : <strong>La visite d&rsquo;Augustin Le Scellier \u00e0 Beauport (1651) <\/strong><\/span><\/li>\n<li><span style=\"font-family: verdana, geneva, sans-serif; font-size: 12pt;\">Am\u00e9lie Nabucet : <strong>Quelques pistes in\u00e9dites pour l&rsquo;histoire de Beauport &#8211; <\/strong><\/span> <span style=\"font-family: verdana, geneva, sans-serif; font-size: 12pt;\"><strong> Fondation et essor &#8211; XII<sup>e<\/sup>-XV<sup>e<\/sup> <\/strong>&#8211; <\/span><span style=\"font-family: verdana, geneva, sans-serif; font-size: 12pt;\">Les possessions britanniques de l&rsquo;abbaye de Beauport &#8211; <\/span><span style=\"font-family: verdana, geneva, sans-serif; font-size: 12pt;\">Essai de reconstitution des paysages historiques de l&rsquo;abbaye de Beauport <\/span><\/li>\n<li><span style=\"font-family: verdana, geneva, sans-serif; font-size: 12pt;\">Pascale Techer : <strong>M\u00e9moires de pierres &#8230; du d\u00e9p\u00f4t lapidaire \u00e0 une red\u00e9couverte de l&rsquo;abbaye<\/strong><\/span><\/li>\n<\/ul>\n<h3>&nbsp;<\/h3>\n<h3>&nbsp;<strong><span style=\"font-family: verdana, geneva, sans-serif; font-size: 12pt;\"><span style=\"font-size: 14pt;\"><img loading=\"lazy\" decoding=\"async\" class=\"alignleft size-medium wp-image-557\" src=\"https:\/\/amisdebeauport.fr\/wp-content\/uploads\/2018\/05\/Cahier-n\u00b013-212x300.jpg\" alt=\"\" width=\"212\" height=\"300\">Sommaire du N\u00b013 \u2013 2007-2008 :<\/span> <\/span><\/strong><\/h3>\n<ul style=\"list-style-type: square;\">\n<li><span style=\"font-family: verdana, geneva, sans-serif; font-size: 12pt;\">Olivier Levasseur : <strong>Les difficiles d\u00e9buts de l&rsquo;ostr\u00e9iculture dans la r\u00e9gion de Paimpol (du 18<sup>e<\/sup> si\u00e8cle \u00e0 1914) <\/strong><\/span><\/li>\n<li><span style=\"font-family: verdana, geneva, sans-serif; font-size: 12pt;\">Laurent Primot : <strong>Histoires d&rsquo;hu\u00eetres <\/strong><\/span><\/li>\n<li><span style=\"font-family: verdana, geneva, sans-serif; font-size: 12pt;\">Jacques Dervilly : <strong>Crimes et ch\u00e2timents \u00e0 l&rsquo;abbaye <\/strong><\/span><\/li>\n<li><span style=\"font-size: 12pt; font-family: verdana, geneva, sans-serif;\">Annie-Claude Ballini : <strong>Moines et d\u00e9mons<\/strong><br \/>\npr\u00e9sentation de l&rsquo;exposition d&rsquo;Anne-Marie Ollivier-Henry au manoir presbyt\u00e9ral d&rsquo;Yvias<\/span><\/li>\n<li><span style=\"font-family: verdana, geneva, sans-serif; font-size: 12pt;\"><strong>Spectacle historique du 16 juin 2007 : La folle journ\u00e9e d&rsquo;Yvias<\/strong><br \/>\n<\/span><span style=\"font-family: verdana, geneva, sans-serif; font-size: 12pt;\">chronique d&rsquo;une s\u00e9dition contre l&rsquo;abbaye de Beauport en 1755 &#8211; <\/span><span style=\"font-family: verdana, geneva, sans-serif; font-size: 12pt;\">avec la troupe Dawa&rsquo; Breizou &#8211; sc\u00e9nario et mise en sc\u00e8ne de Samuel P\u00e9ron <\/span><\/li>\n<li><span style=\"font-family: verdana, geneva, sans-serif; font-size: 12pt;\">Annie-Claude Ballini : <strong>La s\u00e9dition d&rsquo;Yvias, un \u00e9v\u00e8nement historique <\/strong><\/span><\/li>\n<li><span style=\"font-family: verdana, geneva, sans-serif; font-size: 12pt;\">Samuel P\u00e9ron : <strong>La nuit du patrimoine d&rsquo;Yvias<\/strong><\/span><\/li>\n<\/ul>\n<h3><strong><span style=\"font-family: verdana, geneva, sans-serif; font-size: 14pt;\"><img loading=\"lazy\" decoding=\"async\" class=\"alignleft size-medium wp-image-556\" src=\"https:\/\/amisdebeauport.fr\/wp-content\/uploads\/2018\/05\/Cahier-n\u00b012-210x300.jpg\" alt=\"\" width=\"210\" height=\"300\">Sommaire du N\u00b012 \u2013 2006-2007 :<\/span><\/strong><\/h3>\n<ul style=\"list-style-type: square;\">\n<li><span style=\"font-family: verdana, geneva, sans-serif; font-size: 12pt;\">Laurent Primot : <strong>Autour de l&rsquo;abbaye &#8230; Cruckin <\/strong><\/span><\/li>\n<li><span style=\"font-family: verdana, geneva, sans-serif; font-size: 12pt;\">Olivier Charles : <strong>S\u00e9culiers et r\u00e9guliers \u2013 le monde des chanoines en Bretagne \u00e0 la fin de l&rsquo;Ancien R\u00e9gime <\/strong><\/span><\/li>\n<li><span style=\"font-family: verdana, geneva, sans-serif; font-size: 12pt;\">Annie-Claude Ballini : <strong>Le chanoine Leuduger est-il \u00ab\u00a0l&rsquo;inconnu de Beauport\u00a0\u00bb ? <\/strong><\/span><\/li>\n<li><span style=\"font-family: verdana, geneva, sans-serif; font-size: 12pt;\">Amaury Chauou : <strong>La Bretagne entre Cap\u00e9tiens et Plantagen\u00eats, 1153-1204<\/strong><\/span><\/li>\n<\/ul>\n<h3>&nbsp;<\/h3>\n<h3>&nbsp;&nbsp;<strong><span style=\"font-family: verdana, geneva, sans-serif; font-size: 14pt;\"><img loading=\"lazy\" decoding=\"async\" class=\"alignleft size-medium wp-image-555\" src=\"https:\/\/amisdebeauport.fr\/wp-content\/uploads\/2018\/05\/Cahier-n\u00b011-213x300.jpg\" alt=\"\" width=\"213\" height=\"300\">Sommaire du N\u00b011 \u2013 2005-2006 :<\/span><\/strong><\/h3>\n<ul style=\"list-style-type: square;\">\n<li><span style=\"font-family: verdana, geneva, sans-serif; font-size: 12pt;\">Ga\u00eblle Demanet : <strong>Beauport et Daoulas ou l&rsquo;impossible union de deux abbayes (1677-1719) <\/strong><\/span><\/li>\n<li><span style=\"font-family: verdana, geneva, sans-serif; font-size: 12pt;\"><strong>Voix de K\u00e9rity, r\u00e9cits et chants<\/strong>, 13 textes \u00e9voquant K\u00e9rity et Beauport <\/span><span style=\"font-family: verdana, geneva, sans-serif; font-size: 12pt;\">lus lors de la <strong>soir\u00e9e du 11 juin 2005<\/strong> d\u00e9di\u00e9e \u00e0 la m\u00e9moire de Michel-Yves Bernard<\/span><\/li>\n<\/ul>\n<p>&nbsp;<\/p>\n<p>&nbsp;<\/p>\n<p style=\"padding-left: 30px;\"><em><span style=\"font-family: verdana, geneva, sans-serif; font-size: 12pt;\">Il n&rsquo;y a pas eu de Cahier de Beauport en 2005, ann\u00e9e o\u00f9 nous avons d\u00e9cid\u00e9 pour notre revue annuelle de passer de l&rsquo;ann\u00e9e civile (publication pour d\u00e9cembre) \u00e0 l&rsquo;ann\u00e9e universitaire (publication pour juin) ; <\/span><span style=\"font-family: verdana, geneva, sans-serif; font-size: 12pt;\">le Cahier n\u00b010 (d\u00e9cembre 2004) a \u00e9t\u00e9 suivi du Cahier n\u00b011 (juin 2006).<\/span><\/em><\/p>\n<h3><strong><span style=\"font-family: verdana, geneva, sans-serif; font-size: 14pt;\"><img loading=\"lazy\" decoding=\"async\" class=\"alignleft size-medium wp-image-554\" src=\"https:\/\/amisdebeauport.fr\/wp-content\/uploads\/2018\/05\/Cahier-n\u00b010-216x300.jpg\" alt=\"\" width=\"216\" height=\"300\">Sommaire du N\u00b010 \u2013 2004 :<\/span><\/strong><\/h3>\n<ul style=\"list-style-type: square;\">\n<li><span style=\"font-family: verdana, geneva, sans-serif; font-size: 12pt;\">Louis Chauris : <\/span><strong><span style=\"font-family: verdana, geneva, sans-serif; font-size: 12pt;\">Recherches pr\u00e9liminaires sur la provenance des pierres de construction de l&rsquo;abbaye de Beauport<\/span><\/strong><\/li>\n<li><span style=\"font-family: verdana, geneva, sans-serif; font-size: 12pt;\">Virginie Tr\u00e9vian : <\/span><strong><span style=\"font-family: verdana, geneva, sans-serif; font-size: 12pt;\">Abbaye ND de Beauport au XIII<sup>e<\/sup> si\u00e8cle : la salle capitulaire et le r\u00e9fectoire<\/span><\/strong><\/li>\n<li><span style=\"font-family: verdana, geneva, sans-serif; font-size: 12pt;\">Olivier Levasseur : <\/span><strong><span style=\"font-family: verdana, geneva, sans-serif; font-size: 12pt;\">L&rsquo;\u00e9tonnante histoire des p\u00eacheries de Beauport (XVI<sup>e<\/sup>-XVIII<sup>e<\/sup> si\u00e8cles)<\/span><\/strong><\/li>\n<\/ul>\n<h3>&nbsp;<\/h3>\n<h3>&nbsp;<strong><span style=\"font-family: verdana, geneva, sans-serif; font-size: 14pt;\"><img loading=\"lazy\" decoding=\"async\" class=\"alignleft size-medium wp-image-553\" src=\"https:\/\/amisdebeauport.fr\/wp-content\/uploads\/2018\/05\/Cahier-n\u00b09-213x300.jpg\" alt=\"\" width=\"213\" height=\"300\">Sommaire du N\u00b09 \u2013 2003 :<\/span><\/strong><\/h3>\n<ul style=\"list-style-type: square;\">\n<li><span style=\"font-family: verdana, geneva, sans-serif; font-size: 12pt;\">Amandine Venet : <strong>L&rsquo;obituaire de Beauport <\/strong><\/span><\/li>\n<li><span style=\"font-family: verdana, geneva, sans-serif; font-size: 12pt;\">Annie-Claude Ballini : <strong>Granges et prieur\u00e9s de Beauport <\/strong><\/span><\/li>\n<li><span style=\"font-family: verdana, geneva, sans-serif; font-size: 12pt;\">Michel-Yves Bernard : <strong>Le pardon de Notre-Dame de Beauport<\/strong><br \/>\n<\/span><\/li>\n<\/ul>\n<p>&nbsp;<\/p>\n","protected":false},"excerpt":{"rendered":"<p>&nbsp; Sommaire du N\u00b023 \u2013 2018 : Avec sept aquarelles de Jo Balanant Yves Le Bonniec&nbsp;: Deux membres de la communaut\u00e9 de Beauport Francs-Ma\u00e7ons au XVIIIe si\u00e8cle D\u2019apr\u00e8s les recherches d\u2019Annie-Claude et Yves Ballini, Michel-Yves Bernard, Jacques Le Tron&nbsp;: La congr\u00e9gation du scapulaire blanc Jean-Yves Le Moing&nbsp;: Les noms de lieux autour de Beauport Jean-Paul [&hellip;]<\/p>\n","protected":false},"author":3,"featured_media":0,"comment_status":"open","ping_status":"open","sticky":false,"template":"","format":"standard","meta":{"_acf_changed":false,"ngg_post_thumbnail":0,"footnotes":""},"categories":[1],"tags":[],"class_list":["post-517","post","type-post","status-publish","format-standard","hentry","category-non-classe"],"acf":[],"_links":{"self":[{"href":"https:\/\/amisdebeauport.fr\/index.php\/wp-json\/wp\/v2\/posts\/517","targetHints":{"allow":["GET"]}}],"collection":[{"href":"https:\/\/amisdebeauport.fr\/index.php\/wp-json\/wp\/v2\/posts"}],"about":[{"href":"https:\/\/amisdebeauport.fr\/index.php\/wp-json\/wp\/v2\/types\/post"}],"author":[{"embeddable":true,"href":"https:\/\/amisdebeauport.fr\/index.php\/wp-json\/wp\/v2\/users\/3"}],"replies":[{"embeddable":true,"href":"https:\/\/amisdebeauport.fr\/index.php\/wp-json\/wp\/v2\/comments?post=517"}],"version-history":[{"count":25,"href":"https:\/\/amisdebeauport.fr\/index.php\/wp-json\/wp\/v2\/posts\/517\/revisions"}],"predecessor-version":[{"id":579,"href":"https:\/\/amisdebeauport.fr\/index.php\/wp-json\/wp\/v2\/posts\/517\/revisions\/579"}],"wp:attachment":[{"href":"https:\/\/amisdebeauport.fr\/index.php\/wp-json\/wp\/v2\/media?parent=517"}],"wp:term":[{"taxonomy":"category","embeddable":true,"href":"https:\/\/amisdebeauport.fr\/index.php\/wp-json\/wp\/v2\/categories?post=517"},{"taxonomy":"post_tag","embeddable":true,"href":"https:\/\/amisdebeauport.fr\/index.php\/wp-json\/wp\/v2\/tags?post=517"}],"curies":[{"name":"wp","href":"https:\/\/api.w.org\/{rel}","templated":true}]}}