{"id":641,"date":"2019-04-11T10:35:47","date_gmt":"2019-04-11T08:35:47","guid":{"rendered":"http:\/\/amisdebeauport.fr\/?p=641"},"modified":"2019-04-12T12:51:35","modified_gmt":"2019-04-12T10:51:35","slug":"beauport-labbaye-premontree-de-bretagne","status":"publish","type":"post","link":"https:\/\/amisdebeauport.fr\/index.php\/2019\/04\/11\/beauport-labbaye-premontree-de-bretagne\/","title":{"rendered":"Beauport, l&rsquo;abbaye pr\u00e9montr\u00e9e de Bretagne"},"content":{"rendered":"<p><span style=\"font-family: arial, helvetica, sans-serif; font-size: 14pt;\">L&rsquo;ann\u00e9e 2018 a \u00e9t\u00e9 marqu\u00e9e par la parution du livre<span class=\"Apple-converted-space\">&nbsp;<\/span><a href=\"https:\/\/amisdebeauport.fr\/wp-content\/uploads\/2019\/04\/couverture-du-livre-2018.jpg\" target=\"_blank\" rel=\"noopener\">\u00ab\u00a0Beauport, l&rsquo;abbaye pr\u00e9montr\u00e9e de Bretagne &#8211; histoires et vie quotidienne\u00a0\u00bb<\/a>.<\/span><\/p>\n<figure id=\"attachment_644\" aria-describedby=\"caption-attachment-644\" style=\"width: 350px\" class=\"wp-caption alignright\"><a href=\"https:\/\/amisdebeauport.fr\/wp-content\/uploads\/2019\/04\/couverture-du-livre-2018.jpg\"><img loading=\"lazy\" decoding=\"async\" class=\"wp-image-644\" src=\"https:\/\/amisdebeauport.fr\/wp-content\/uploads\/2019\/04\/couverture-du-livre-2018-300x292.jpg\" alt=\"\" width=\"350\" height=\"341\" srcset=\"https:\/\/amisdebeauport.fr\/wp-content\/uploads\/2019\/04\/couverture-du-livre-2018-300x292.jpg 300w, https:\/\/amisdebeauport.fr\/wp-content\/uploads\/2019\/04\/couverture-du-livre-2018-768x748.jpg 768w, https:\/\/amisdebeauport.fr\/wp-content\/uploads\/2019\/04\/couverture-du-livre-2018-570x555.jpg 570w, https:\/\/amisdebeauport.fr\/wp-content\/uploads\/2019\/04\/couverture-du-livre-2018.jpg 931w\" sizes=\"auto, (max-width: 350px) 100vw, 350px\" \/><\/a><figcaption id=\"caption-attachment-644\" class=\"wp-caption-text\"><\/span> <span style=\"font-family: arial, helvetica, sans-serif; font-size: 14pt;\">Couverture du livre<\/span><\/figcaption><\/figure>\n<p><span style=\"font-family: arial, helvetica, sans-serif; font-size: 14pt;\">Ce livre est en vente au prix de 37 \u20ac<\/span><\/p>\n<ul>\n<li><span style=\"font-family: arial, helvetica, sans-serif; font-size: 14pt;\">aupr\u00e8s des Amis de Beauport<span class=\"Apple-converted-space\">&nbsp;<\/span><\/span><\/li>\n<li><span style=\"font-family: arial, helvetica, sans-serif; font-size: 14pt;\">\u00e0 la librairie de l&rsquo;abbaye de Beauport<span class=\"Apple-converted-space\">&nbsp;<\/span><\/span><\/li>\n<li><span style=\"font-family: arial, helvetica, sans-serif; font-size: 14pt;\">et en librairies<\/span><\/li>\n<\/ul>\n<p><span style=\"font-family: arial, helvetica, sans-serif; font-size: 14pt;\">Pr\u00e9sentation : <strong>Annie-Claude Ballini<\/strong>, pr\u00e9sidente de l&rsquo;association<\/span><\/p>\n<p><span style=\"font-family: arial, helvetica, sans-serif; font-size: 14pt;\">Pr\u00e9face : <b>Thierry Simeli\u00e8re,<\/b> pr\u00e9sident de l&rsquo;AGRAB,<\/span><br \/>\n<span style=\"font-family: arial, helvetica, sans-serif; font-size: 14pt;\">vice-pr\u00e9sident du Conseil d\u00e9partemental des C\u00f4tes-d&rsquo;Armor<\/span><\/p>\n<p><span style=\"font-family: arial, helvetica, sans-serif; font-size: 14pt;\">Avant propos : <b>Max Querrien<\/b>, Conseiller d&rsquo;\u00c9tat honoraire, ancien pr\u00e9sident de la Caisse Nationale des Monuments historiques et des Sites :<span class=\"Apple-converted-space\">&nbsp;<br \/>\n<\/span><b>La renaissance de l&rsquo;abbaye de Beauport \u00e0 la fin du XX<sup>e<\/sup> si\u00e8cle <span class=\"Apple-converted-space\">&nbsp;<\/span><\/b><\/span><\/p>\n<p><span style=\"font-family: arial, helvetica, sans-serif; font-size: 18pt;\"><strong>Origines et fondation<\/strong><\/span><\/p>\n<ul>\n<li><span style=\"font-family: arial, helvetica, sans-serif; font-size: 14pt;\"><b>Yves Le Bonniec<\/b> : Retour sur les origines de Beauport (XII<sup>e<\/sup> et XIII<sup>e<\/sup> si\u00e8cles)<\/span><\/li>\n<li><span style=\"font-family: arial, helvetica, sans-serif; font-size: 14pt;\"><strong>Fr\u00e9d\u00e9ric Morvan<\/strong> : Alain de Bretagne (1154-1212) fondateur de l&rsquo;abbaye de Beauport<\/span><\/li>\n<li><span style=\"font-family: arial, helvetica, sans-serif; font-size: 14pt;\"><b>Annie-Claude Ballini <\/b>: Foire aux moines et march\u00e9 de Paimpol, h\u00e9ritages des origines de Beauport<\/span><\/li>\n<li><span style=\"font-family: arial, helvetica, sans-serif; font-size: 14pt;\"><b>Am\u00e9lie Nabucet<\/b> : Les possessions anglaises de Beauport (XIII<sup>e<\/sup>-XV<sup>e<\/sup> si\u00e8cles)<\/span><\/li>\n<li><span style=\"font-family: arial, helvetica, sans-serif; font-size: 14pt;\"><b>Annie-Claude Ballini<\/b>&nbsp;: West Ravendale : prieur\u00e9 de Beauport en Angleterre&nbsp;<span class=\"Apple-converted-space\"><br \/>\n<\/span><\/span><\/li>\n<\/ul>\n<p><span style=\"font-family: arial, helvetica, sans-serif; font-size: 18pt;\"><b>Territoire et soci\u00e9t\u00e9<\/b><\/span><\/p>\n<ul>\n<li><span style=\"font-family: arial, helvetica, sans-serif; font-size: 14pt;\"><b>Chlo\u00e9 Martin<\/b><b><\/b> : L&rsquo;exploitation du sel ignig\u00e8ne sur le littoral des C\u00f4tes-d&rsquo;Armor&nbsp;<span class=\"Apple-converted-space\"><br \/>\n<\/span><\/span><\/li>\n<li><span style=\"font-family: arial, helvetica, sans-serif; font-size: 14pt;\"><b>Annie-Claude Ballini<\/b> : Granges et prieur\u00e9s de Beauport<span class=\"Apple-converted-space\">&nbsp;<\/span><\/span><\/li>\n<li><span style=\"font-family: arial, helvetica, sans-serif; font-size: 14pt;\"><b>Olivier Levasseur<\/b> : L&rsquo;\u00e9tonnante histoire des p\u00eacheries de Beauport (XVI<sup>e<\/sup>-XVIII<sup>e<\/sup> si\u00e8cles)<\/span><\/li>\n<li><span style=\"font-family: arial, helvetica, sans-serif; font-size: 14pt;\"><strong>Jacques Dervilly<\/strong> : Crimes et ch\u00e2timents \u00e0 l&rsquo;abbaye d&rsquo;apr\u00e8s la tradition orale autour de Beauport<\/span><\/li>\n<li><span style=\"font-family: arial, helvetica, sans-serif; font-size: 14pt;\"><b>Annie-Claude Ballini<\/b> : La r\u00e9volte des paroissiens d&rsquo;Yvias en 1755<\/span><\/li>\n<\/ul>\n<p><span style=\"font-family: arial, helvetica, sans-serif; font-size: 18pt;\"><b>Spiritualit\u00e9<\/b><\/span><\/p>\n<ul>\n<li><span style=\"font-family: arial, helvetica, sans-serif; font-size: 14pt;\"><b>Andr\u00e9-Yves Bourg\u00e8s <\/b>: Les saints de Beauport : Rion, Maudez &#8230; et les autres<\/span><\/li>\n<li><span style=\"font-family: arial, helvetica, sans-serif; font-size: 14pt;\"><b>Amandine Venet <\/b>: L&rsquo;obituaire de Beauport<\/span><\/li>\n<li><span style=\"font-family: arial, helvetica, sans-serif; font-size: 14pt;\"><b>Annie-Claude Ballini<\/b><strong> et al.<\/strong> : La congr\u00e9gation du scapulaire blanc<\/span><\/li>\n<li><span style=\"font-family: arial, helvetica, sans-serif; font-size: 14pt;\"><strong>Ga\u00eblle Demanet<\/strong> : Beauport et Daoulas, ou l&rsquo;impossible union de deux abbayes (1677-1719)<\/span><\/li>\n<li><span style=\"font-family: arial, helvetica, sans-serif; font-size: 14pt;\"><b>Yves Ballini<\/b> : Une hypoth\u00e8se : Beauport et l&rsquo;enseignement maritime<\/span><\/li>\n<li><span style=\"font-family: arial, helvetica, sans-serif; font-size: 14pt;\"><strong>Olivier Charles<\/strong> : S\u00e9culiers et r\u00e9guliers, le monde des chanoines en Bretagne \u00e0 la fin de l&rsquo;Ancien R\u00e9gime<\/span><\/li>\n<li><span style=\"font-family: arial, helvetica, sans-serif; font-size: 14pt;\"><strong>Michel-Yves Bernard<\/strong> : Le Pardon de Notre-Dame de Beauport<\/span><\/li>\n<\/ul>\n<p><span style=\"font-family: arial, helvetica, sans-serif; font-size: 14pt;\"><b><span style=\"font-size: 18pt;\">L&rsquo;abbaye sous l&rsquo;Ancien R\u00e9gime (XVII<sup>e<\/sup> et XVIII<sup>e<\/sup> si\u00e8cles)<\/span><br \/>\n<\/b><\/span><\/p>\n<ul>\n<li><span style=\"font-family: arial, helvetica, sans-serif; font-size: 14pt;\"><strong>Annie-Claude et Yves Ballini<\/strong> : L&rsquo;abbaye en crise vers 1600 : mythe et r\u00e9alit\u00e9<\/span><\/li>\n<li><span style=\"font-family: arial, helvetica, sans-serif; font-size: 14pt;\"><strong>Annie-Claude Ballini<\/strong> : La justice seigneuriale de Beauport<\/span><\/li>\n<li><span style=\"font-family: arial, helvetica, sans-serif; font-size: 14pt;\"><strong>Christian Jacob<\/strong> : Fran\u00e7ois Jacob (1731-1808) s\u00e9n\u00e9chal de Beauport, juge de paix du canton de Paimpol<\/span><\/li>\n<li><span style=\"font-family: arial, helvetica, sans-serif; font-size: 14pt;\"><strong><span class=\"Apple-converted-space\">A<\/span>nnie-Claude Ballini<\/strong> : \u00c9xil\u00e9s et lettres de cachet \u00e0 l&rsquo;\u00cele Verte et \u00e0 Beauport aux XVII<sup>e<\/sup> et XVIII<sup>e<\/sup> si\u00e8cles<\/span><\/li>\n<li><span style=\"font-family: arial, helvetica, sans-serif; font-size: 14pt;\"><strong>Am\u00e9lie Nabucet et Anthony Guillemot<\/strong> : Nicolas Fouquet et l&rsquo;abbaye de Beauport&nbsp;<span class=\"Apple-converted-space\"><br \/>\n<\/span><\/span><\/li>\n<li><span style=\"font-family: arial, helvetica, sans-serif; font-size: 14pt;\"><strong>Herv\u00e9 Lorant<\/strong> : Entre le maigre et le gras : la culture alimentaire \u00e0 Beauport sous l&rsquo;Ancien R\u00e9gime<\/span><\/li>\n<li><span style=\"font-family: arial, helvetica, sans-serif; font-size: 14pt;\"><strong>Yves Ballini<\/strong> : Qui sont les chanoines de Beauport ?<\/span><\/li>\n<li><span style=\"font-family: arial, helvetica, sans-serif; font-size: 14pt;\"><strong>Yves Ballini<\/strong> : Un chanoine des Lumi\u00e8res \u00e0 Beauport : Claude Le Duc<\/span><\/li>\n<li><span style=\"font-family: arial, helvetica, sans-serif; font-size: 14pt;\"><strong>Yves Le Bonniec<\/strong> : Deux membres de la communaut\u00e9 de Beauport francs-ma\u00e7ons au XVIII<sup>e<\/sup> si\u00e8cle<\/span><\/li>\n<\/ul>\n<p><span style=\"font-family: arial, helvetica, sans-serif; font-size: 18pt;\"><b>Clich\u00e9s d&rsquo;abbaye<\/b><\/span><\/p>\n<ul>\n<li><span style=\"font-family: arial, helvetica, sans-serif; font-size: 14pt;\"><strong>Claude Roy<\/strong> : L&rsquo;abbaye de Beauport<span class=\"Apple-converted-space\"> dans la photographie et la carte postale<br \/>\n<\/span><\/span><\/li>\n<li><span style=\"font-family: arial, helvetica, sans-serif; font-size: 14pt;\"><strong>Yves Ballini<\/strong> : Une carte postale de Beauport pour Constantinople<\/span><\/li>\n<li><span style=\"font-family: arial, helvetica, sans-serif; font-size: 14pt;\"><strong><span class=\"Apple-converted-space\">A<\/span>nnie-Claude Ballini<\/strong>&nbsp;: Louis Robert (1810-1882), premier photographe de l&rsquo;abbaye de Beauport<\/span><\/li>\n<\/ul>\n<p><span style=\"font-family: arial, helvetica, sans-serif; font-size: 18pt;\"><b>Iconographie originale&nbsp;<\/b><\/span><\/p>\n<ul>\n<li><span style=\"font-family: arial, helvetica, sans-serif; font-size: 14pt;\">Aquarelles de <strong>Ren\u00e9 M\u00e9heux<span class=\"Apple-converted-space\"><br \/>\n<\/span><\/strong><\/span><\/li>\n<li><span style=\"font-family: arial, helvetica, sans-serif; font-size: 14pt;\">Illustrations de <strong>Patrick Dallanegra <\/strong><\/span><\/li>\n<li><span style=\"font-family: arial, helvetica, sans-serif; font-size: 14pt;\">photographies, cartes, lithographies<span class=\"Apple-converted-space\">&nbsp;<\/span><\/span><\/li>\n<\/ul>\n","protected":false},"excerpt":{"rendered":"<p>L&rsquo;ann\u00e9e 2018 a \u00e9t\u00e9 marqu\u00e9e par la parution du livre&nbsp;\u00ab\u00a0Beauport, l&rsquo;abbaye pr\u00e9montr\u00e9e de Bretagne &#8211; histoires et vie quotidienne\u00a0\u00bb. Ce livre est en vente au prix de 37 \u20ac aupr\u00e8s des Amis de Beauport&nbsp; \u00e0 la librairie de l&rsquo;abbaye de Beauport&nbsp; et en librairies Pr\u00e9sentation : Annie-Claude Ballini, pr\u00e9sidente de l&rsquo;association Pr\u00e9face : Thierry Simeli\u00e8re, [&hellip;]<\/p>\n","protected":false},"author":3,"featured_media":0,"comment_status":"open","ping_status":"open","sticky":false,"template":"","format":"standard","meta":{"_acf_changed":false,"ngg_post_thumbnail":0,"footnotes":""},"categories":[1],"tags":[],"class_list":["post-641","post","type-post","status-publish","format-standard","hentry","category-non-classe"],"acf":[],"_links":{"self":[{"href":"https:\/\/amisdebeauport.fr\/index.php\/wp-json\/wp\/v2\/posts\/641","targetHints":{"allow":["GET"]}}],"collection":[{"href":"https:\/\/amisdebeauport.fr\/index.php\/wp-json\/wp\/v2\/posts"}],"about":[{"href":"https:\/\/amisdebeauport.fr\/index.php\/wp-json\/wp\/v2\/types\/post"}],"author":[{"embeddable":true,"href":"https:\/\/amisdebeauport.fr\/index.php\/wp-json\/wp\/v2\/users\/3"}],"replies":[{"embeddable":true,"href":"https:\/\/amisdebeauport.fr\/index.php\/wp-json\/wp\/v2\/comments?post=641"}],"version-history":[{"count":11,"href":"https:\/\/amisdebeauport.fr\/index.php\/wp-json\/wp\/v2\/posts\/641\/revisions"}],"predecessor-version":[{"id":673,"href":"https:\/\/amisdebeauport.fr\/index.php\/wp-json\/wp\/v2\/posts\/641\/revisions\/673"}],"wp:attachment":[{"href":"https:\/\/amisdebeauport.fr\/index.php\/wp-json\/wp\/v2\/media?parent=641"}],"wp:term":[{"taxonomy":"category","embeddable":true,"href":"https:\/\/amisdebeauport.fr\/index.php\/wp-json\/wp\/v2\/categories?post=641"},{"taxonomy":"post_tag","embeddable":true,"href":"https:\/\/amisdebeauport.fr\/index.php\/wp-json\/wp\/v2\/tags?post=641"}],"curies":[{"name":"wp","href":"https:\/\/api.w.org\/{rel}","templated":true}]}}