{"id":87891,"date":"2026-01-30T09:21:42","date_gmt":"2026-01-30T08:21:42","guid":{"rendered":"https:\/\/amisdebeauport.fr\/?p=87891"},"modified":"2026-01-30T09:50:24","modified_gmt":"2026-01-30T08:50:24","slug":"les-cahiers-de-beauport-du-n26-2021","status":"publish","type":"post","link":"https:\/\/amisdebeauport.fr\/index.php\/2026\/01\/30\/les-cahiers-de-beauport-du-n26-2021\/","title":{"rendered":"Les Cahiers de Beauport du n\u00b026 (2021)"},"content":{"rendered":"<p><img loading=\"lazy\" decoding=\"async\" class=\" wp-image-87893 aligncenter\" src=\"https:\/\/amisdebeauport.fr\/wp-content\/uploads\/2026\/01\/Cahier-n\u00b026-212x300.jpg\" alt=\"\" width=\"367\" height=\"519\" srcset=\"https:\/\/amisdebeauport.fr\/wp-content\/uploads\/2026\/01\/Cahier-n\u00b026-212x300.jpg 212w, https:\/\/amisdebeauport.fr\/wp-content\/uploads\/2026\/01\/Cahier-n\u00b026-768x1089.jpg 768w, https:\/\/amisdebeauport.fr\/wp-content\/uploads\/2026\/01\/Cahier-n\u00b026-570x808.jpg 570w, https:\/\/amisdebeauport.fr\/wp-content\/uploads\/2026\/01\/Cahier-n\u00b026.jpg 874w\" sizes=\"auto, (max-width: 367px) 100vw, 367px\" \/><\/p>\n<p style=\"text-align: center;\"><strong>Sommaire<\/strong><\/p>\n<ul>\n<li><strong>Annie-Claude Ballini :<\/strong> Avant-Propos<\/li>\n<li><strong>Pr\u00e9montr\u00e9s en litt\u00e9rature<\/strong>\n<ul>\n<li>Compte-rendu de la soir\u00e9e de lectures avec accompagnement musical<\/li>\n<\/ul>\n<\/li>\n<li><strong>Yves Ballini<\/strong>\n<ul>\n<li>Qui sont les abb\u00e9s commendataires de Beauport ?<\/li>\n<li>Quelles cons\u00e9quences pour l\u2019abbaye ?<\/li>\n<\/ul>\n<\/li>\n<li><strong>Yannick De Sagazan :<\/strong> Le Palais Farn\u00e8se et Beauport<\/li>\n<li><strong>Annie-Claude Ballini :<\/strong> Quelques aspects in\u00e9dits sur la vie des chanoines de Beauport au XVIIe si\u00e8cle<\/li>\n<li><strong>Pierre Dheilly :<\/strong> Le moulin Sainte H\u00e9l\u00e8ne abrite-t-il des pierres de Beauport ?<\/li>\n<li><strong>NDLR :<\/strong> Le coin des curieux<\/li>\n<li><strong>L\u00e9gende de la photo de couverture :<\/strong> Portrait du cardinal Alexandre Farn\u00e8se (1520-1589) (tableau du Titien, mus\u00e9e de Naples)<\/li>\n<li><strong>L\u00e9gende de la photo du dos de couverture :<\/strong> T\u00eate sculpt\u00e9e du moulin Sainte-H\u00e9l\u00e8ne \u00e0 Sainte-Barbe (K\u00e9rity, Paimpol)<\/li>\n<\/ul>\n","protected":false},"excerpt":{"rendered":"<p>Sommaire Annie-Claude Ballini : Avant-Propos Pr\u00e9montr\u00e9s en litt\u00e9rature Compte-rendu de la soir\u00e9e de lectures avec accompagnement musical Yves Ballini Qui sont les abb\u00e9s commendataires de Beauport ? Quelles cons\u00e9quences pour l\u2019abbaye ? Yannick De Sagazan : Le Palais Farn\u00e8se et Beauport Annie-Claude Ballini : Quelques aspects in\u00e9dits sur la vie des chanoines de Beauport au [&hellip;]<\/p>\n","protected":false},"author":5,"featured_media":0,"comment_status":"open","ping_status":"open","sticky":false,"template":"","format":"image","meta":{"_acf_changed":false,"ngg_post_thumbnail":0,"footnotes":""},"categories":[9],"tags":[],"class_list":["post-87891","post","type-post","status-publish","format-image","hentry","category-cahiers-de-beauport","post_format-post-format-image"],"acf":[],"_links":{"self":[{"href":"https:\/\/amisdebeauport.fr\/index.php\/wp-json\/wp\/v2\/posts\/87891","targetHints":{"allow":["GET"]}}],"collection":[{"href":"https:\/\/amisdebeauport.fr\/index.php\/wp-json\/wp\/v2\/posts"}],"about":[{"href":"https:\/\/amisdebeauport.fr\/index.php\/wp-json\/wp\/v2\/types\/post"}],"author":[{"embeddable":true,"href":"https:\/\/amisdebeauport.fr\/index.php\/wp-json\/wp\/v2\/users\/5"}],"replies":[{"embeddable":true,"href":"https:\/\/amisdebeauport.fr\/index.php\/wp-json\/wp\/v2\/comments?post=87891"}],"version-history":[{"count":3,"href":"https:\/\/amisdebeauport.fr\/index.php\/wp-json\/wp\/v2\/posts\/87891\/revisions"}],"predecessor-version":[{"id":87907,"href":"https:\/\/amisdebeauport.fr\/index.php\/wp-json\/wp\/v2\/posts\/87891\/revisions\/87907"}],"wp:attachment":[{"href":"https:\/\/amisdebeauport.fr\/index.php\/wp-json\/wp\/v2\/media?parent=87891"}],"wp:term":[{"taxonomy":"category","embeddable":true,"href":"https:\/\/amisdebeauport.fr\/index.php\/wp-json\/wp\/v2\/categories?post=87891"},{"taxonomy":"post_tag","embeddable":true,"href":"https:\/\/amisdebeauport.fr\/index.php\/wp-json\/wp\/v2\/tags?post=87891"}],"curies":[{"name":"wp","href":"https:\/\/api.w.org\/{rel}","templated":true}]}}