{"id":87895,"date":"2026-01-30T09:23:31","date_gmt":"2026-01-30T08:23:31","guid":{"rendered":"https:\/\/amisdebeauport.fr\/?p=87895"},"modified":"2026-01-30T09:55:20","modified_gmt":"2026-01-30T08:55:20","slug":"les-cahiers-de-beauport-du-n27-28-2025","status":"publish","type":"post","link":"https:\/\/amisdebeauport.fr\/index.php\/2026\/01\/30\/les-cahiers-de-beauport-du-n27-28-2025\/","title":{"rendered":"Les Cahiers de Beauport du n\u00b027, 28 (2025)"},"content":{"rendered":"<div class=\"wp-block-image\">\n<figure class=\"aligncenter\"><img loading=\"lazy\" decoding=\"async\" width=\"213\" height=\"300\" src=\"https:\/\/amisdebeauport.fr\/wp-content\/uploads\/2026\/01\/Cahier-n\u00b027-28-213x300.jpg\" alt=\"\" class=\"wp-image-87896\" srcset=\"https:\/\/amisdebeauport.fr\/wp-content\/uploads\/2026\/01\/Cahier-n\u00b027-28-213x300.jpg 213w, https:\/\/amisdebeauport.fr\/wp-content\/uploads\/2026\/01\/Cahier-n\u00b027-28-726x1024.jpg 726w, https:\/\/amisdebeauport.fr\/wp-content\/uploads\/2026\/01\/Cahier-n\u00b027-28-768x1083.jpg 768w, https:\/\/amisdebeauport.fr\/wp-content\/uploads\/2026\/01\/Cahier-n\u00b027-28-1089x1536.jpg 1089w, https:\/\/amisdebeauport.fr\/wp-content\/uploads\/2026\/01\/Cahier-n\u00b027-28-570x804.jpg 570w, https:\/\/amisdebeauport.fr\/wp-content\/uploads\/2026\/01\/Cahier-n\u00b027-28.jpg 1237w\" sizes=\"auto, (max-width: 213px) 100vw, 213px\" \/><\/figure>\n<\/div>\n\n\n<h2 class=\"wp-block-heading\">Sommaire<\/h2>\n\n\n\n<ul class=\"wp-block-list\">\n<li><strong>Annie-Claude Ballini <\/strong>: Avant-Propos<\/li>\n\n\n\n<li><strong>Denis Diderot <\/strong>(1713-1784)<\/li>\n\n\n\n<li><strong>Jacques le fataliste<\/strong> (vers 1773)\n<ul class=\"wp-block-list\">\n<li>Une histoire de pr\u00e9montr\u00e9 par le marquis des Arcis<\/li>\n<\/ul>\n<\/li>\n\n\n\n<li><strong>Herv\u00e9 Julien Le Sage<\/strong> (1757-1832) : Avec le chanoine Le Sage de la Bretagne \u00e0 la Sil\u00e9sie<\/li>\n\n\n\n<li><strong>Jules Barbey d\u2019Aurevilly <\/strong>(1808-1889) L\u2019ensorcel\u00e9e (1854)<\/li>\n\n\n\n<li><strong>Gustave AIMARD<\/strong> (1818-1883) \u00e0 Beauport pendant la guerre contre les Chouans\n<ul class=\"wp-block-list\">\n<li>extraits de La for\u00eat vierge (1870)<\/li>\n<\/ul>\n<\/li>\n\n\n\n<li><strong>Norbert Calmels (1908-1985)<\/strong>\n<ul class=\"wp-block-list\">\n<li>Histoire d\u2019un conte : L\u2019\u00c9lixir du R\u00e9v\u00e9rend P\u00e8re Gaucher (1965)<\/li>\n<\/ul>\n<\/li>\n\n\n\n<li><strong>Andr\u00e9-Yves Bourg\u00e8s<\/strong>\n<ul class=\"wp-block-list\">\n<li>Tro Breizh, Vall\u00e9e des Saints, StoneBreizh<\/li>\n<\/ul>\n<\/li>\n\n\n\n<li><strong>Yves Le Bonniec :<\/strong> Pour une nouvelle lecture des origines de Beauport<\/li>\n\n\n\n<li><strong>Annie-Claude Ballini : <\/strong>De la Pologne \u00e0 Beauport l\u2019\u00e9tonnante destin\u00e9e du comte Poninski<\/li>\n\n\n\n<li><strong>Pierre Dheilly :<\/strong> Une affaire de chefrentes dans le livre deal de l\u2019Abbaye de Beauport<\/li>\n\n\n\n<li><strong>Br\u00e8ves<\/strong><\/li>\n\n\n\n<li><strong>L\u00e9gende de la photo de couverture :<\/strong> Extrait de l\u2019image de la 4e de couverture<\/li>\n\n\n\n<li><strong>L\u00e9gende de la photo du dos de couverture<\/strong>\n<ul class=\"wp-block-list\">\n<li>Tableau de Patrick Blayo : reconstitution virtuelle de la fa\u00e7ade Est de l\u2019abbaye au 18e si\u00e8cle<\/li>\n<\/ul>\n<\/li>\n<\/ul>\n","protected":false},"excerpt":{"rendered":"<p>Sommaire<\/p>\n","protected":false},"author":5,"featured_media":0,"comment_status":"open","ping_status":"open","sticky":false,"template":"","format":"standard","meta":{"_acf_changed":false,"ngg_post_thumbnail":0,"footnotes":""},"categories":[9],"tags":[],"class_list":["post-87895","post","type-post","status-publish","format-standard","hentry","category-cahiers-de-beauport"],"acf":[],"_links":{"self":[{"href":"https:\/\/amisdebeauport.fr\/index.php\/wp-json\/wp\/v2\/posts\/87895","targetHints":{"allow":["GET"]}}],"collection":[{"href":"https:\/\/amisdebeauport.fr\/index.php\/wp-json\/wp\/v2\/posts"}],"about":[{"href":"https:\/\/amisdebeauport.fr\/index.php\/wp-json\/wp\/v2\/types\/post"}],"author":[{"embeddable":true,"href":"https:\/\/amisdebeauport.fr\/index.php\/wp-json\/wp\/v2\/users\/5"}],"replies":[{"embeddable":true,"href":"https:\/\/amisdebeauport.fr\/index.php\/wp-json\/wp\/v2\/comments?post=87895"}],"version-history":[{"count":3,"href":"https:\/\/amisdebeauport.fr\/index.php\/wp-json\/wp\/v2\/posts\/87895\/revisions"}],"predecessor-version":[{"id":87908,"href":"https:\/\/amisdebeauport.fr\/index.php\/wp-json\/wp\/v2\/posts\/87895\/revisions\/87908"}],"wp:attachment":[{"href":"https:\/\/amisdebeauport.fr\/index.php\/wp-json\/wp\/v2\/media?parent=87895"}],"wp:term":[{"taxonomy":"category","embeddable":true,"href":"https:\/\/amisdebeauport.fr\/index.php\/wp-json\/wp\/v2\/categories?post=87895"},{"taxonomy":"post_tag","embeddable":true,"href":"https:\/\/amisdebeauport.fr\/index.php\/wp-json\/wp\/v2\/tags?post=87895"}],"curies":[{"name":"wp","href":"https:\/\/api.w.org\/{rel}","templated":true}]}}