{"id":98,"date":"2018-04-20T15:00:08","date_gmt":"2018-04-20T13:00:08","guid":{"rendered":"http:\/\/amisdebeauport.fr\/?p=98"},"modified":"2018-04-26T10:09:17","modified_gmt":"2018-04-26T08:09:17","slug":"qui-sommes-nous","status":"publish","type":"post","link":"https:\/\/amisdebeauport.fr\/index.php\/2018\/04\/20\/qui-sommes-nous\/","title":{"rendered":"Qui sommes-nous?"},"content":{"rendered":"<p style=\"text-align: justify;\"><span style=\"font-family: verdana, geneva, sans-serif;\"><span style=\"font-size: 12pt;\">L&rsquo;Association des Amis de l&rsquo;Abbaye de Beauport a \u00e9t\u00e9 cr\u00e9\u00e9e le 4 d\u00e9cembre 1992<\/span><span style=\"font-size: 12pt;\">&nbsp;<\/span><span style=\"font-size: 12pt;\">par un groupe de personnes, Paimpolaises et Paimpolais d&rsquo;origine ou d&rsquo;adoption,<\/span><span style=\"font-size: 12pt;\">&nbsp;<\/span><span style=\"font-size: 12pt;\">qui, toutes, ont eu un jour un coup de c\u0153ur pour ce fleuron du patrimoine breton.<\/span><span style=\"font-size: 12pt;\">&nbsp;<\/span><span style=\"font-size: 12pt;\">L&rsquo;id\u00e9e leur en est venue lors de l&rsquo;acquisition du monument et du site incomparable qui l&rsquo;environne<\/span><span style=\"font-size: 12pt;\">&nbsp;<\/span><span style=\"font-size: 12pt;\">par le Conservatoire de l&rsquo;Espace Littoral et des Rivages lacustres.<\/span><\/span><\/p>\n<p style=\"text-align: justify;\"><span style=\"font-family: verdana, geneva, sans-serif; font-size: 12pt;\">Les Amis de Beauport se sont donn\u00e9s pour mission :<\/span><br \/>\n<span style=\"font-family: verdana, geneva, sans-serif; font-size: 12pt;\"> \u2022&nbsp;&nbsp;&nbsp; de diffuser toute documentation, livres ou enqu\u00eates favorisant la connaissance de l&rsquo;Abbaye de Beauport.<\/span><br \/>\n<span style=\"font-family: verdana, geneva, sans-serif; font-size: 12pt;\"> \u2022&nbsp;&nbsp;&nbsp; de faire participer le public \u00e0 la restauration du lieu.<\/span><br \/>\n<span style=\"font-family: verdana, geneva, sans-serif; font-size: 12pt;\"> \u2022&nbsp;&nbsp;&nbsp; de rechercher toute documentation sur l&rsquo;histoire de l&rsquo;abbaye.<\/span><br \/>\n<span style=\"font-family: verdana, geneva, sans-serif; font-size: 12pt;\"> \u2022&nbsp;&nbsp;&nbsp; d&rsquo;acqu\u00e9rir des documents ayant appartenu \u00e0 l&rsquo;abbaye.<\/span><br \/>\n<span style=\"font-family: verdana, geneva, sans-serif; font-size: 12pt;\"> \u2022&nbsp;&nbsp;&nbsp; de favoriser le m\u00e9c\u00e9nat afin d&rsquo;aider \u00e0 la r\u00e9alisation de travaux de sauvegarde du monument.<\/span><br \/>\n<span style=\"font-family: verdana, geneva, sans-serif; font-size: 12pt;\"> \u2022&nbsp;&nbsp;&nbsp; de proposer au gestionnaire de l&rsquo;abbaye des manifestations d&rsquo;int\u00e9r\u00eat culturel.<\/span><br \/>\n<span style=\"font-family: verdana, geneva, sans-serif; font-size: 12pt;\"> \u2022&nbsp;&nbsp;&nbsp; de participer aux choix sur la restauration de l&rsquo;abbaye au sein de la structure officielle charger de g\u00e9rer le site.<\/span><\/p>\n<p style=\"text-align: justify;\"><span style=\"font-family: verdana, geneva, sans-serif;\"><span style=\"font-size: 12pt;\">Tous les ans les Amis de Beauport organisent en juin la Saint-Norbert,&nbsp;<\/span><span style=\"font-size: 12pt;\">avec un concert en partenariat avec l&rsquo;<a href=\"http:\/\/apac.over-blog.net\/\" target=\"_blank\" rel=\"noopener\">APAC<\/a><\/span><span style=\"font-size: 12pt;\">&nbsp;<\/span><span style=\"font-size: 12pt;\">et un cycle de conf\u00e9rences, pour lesquelles ils invitent des sp\u00e9cialistes qui ont travaill\u00e9 sur l&rsquo;abbaye de Beauport (parfois \u00e0 leur demande),<\/span><span style=\"font-size: 12pt;\">&nbsp;<\/span><span style=\"font-size: 12pt;\">et ils publient les <a href=\"https:\/\/amisdebeauport.fr\/index.php\/2018\/04\/20\/presentation-generale-des-cahiers-de-beauport\/\" target=\"_blank\" rel=\"noopener\"><em>\u00ab\u00a0Cahiers de Beauport\u00a0\u00bb<\/em><\/a> contenant les recherches les plus r\u00e9centes sur l&rsquo;abbaye.<\/span><\/span><\/p>\n<p style=\"text-align: justify;\"><span style=\"font-family: verdana, geneva, sans-serif;\"><span style=\"font-size: 12pt;\">Toutes ces activit\u00e9s ont donn\u00e9 naissance \u00e0 un ouvrage de r\u00e9f\u00e9rence,<\/span><span style=\"font-size: 12pt;\">&nbsp;<a href=\"https:\/\/amisdebeauport.fr\/index.php\/2018\/04\/20\/abbaye-de-beauport-huit-siecles-dhistoire-en-goelo\/\" target=\"_blank\" rel=\"noopener\"><em>\u00ab\u00a0Abbaye de Beauport, huit si\u00e8cles d&rsquo;histoire en Go\u00eblo\u00a0\u00bb<\/em><\/a>, publi\u00e9 en 2002 et r\u00e9\u00e9dit\u00e9 en 2004.<\/span><\/span><\/p>\n<p><span style=\"font-size: 12pt; font-family: verdana, geneva, sans-serif;\">Il ne faut pas confondre l&rsquo;association des Amis de Beauport avec l&rsquo;<a href=\"https:\/\/abbayebeauport.com\/\" target=\"_blank\" rel=\"noopener\">AGRAB<\/a> (<span style=\"text-decoration: underline;\">A<\/span>ssociation de <span style=\"text-decoration: underline;\">G<\/span>estion et de <span style=\"text-decoration: underline;\">R<\/span>estauration de l&rsquo;<span style=\"text-decoration: underline;\">A<\/span>bbaye de <span style=\"text-decoration: underline;\">B<\/span>eauport), cr\u00e9\u00e9e le m\u00eame jour, dont les objectifs sont compl\u00e8tement distincts et les comp\u00e9tences diff\u00e9rentes. L&rsquo;AGRAB, constitu\u00e9e entre le Conservatoire du Littoral et les Collectivit\u00e9s territoriales, est une association institutionnelle qui ne re\u00e7oit pas d&rsquo;adh\u00e9sions individuelles.<\/span><\/p>\n<p><span style=\"font-size: 12pt; font-family: verdana, geneva, sans-serif;\">L&rsquo;association des Amis de l&rsquo;abbaye de Beauport, anim\u00e9e par des b\u00e9n\u00e9voles et fonctionnant sans subventions, est une association 1901 ouverte \u00e0 tout public ; ce n&rsquo;est pas une soci\u00e9t\u00e9 savante r\u00e9serv\u00e9e \u00e0 une \u00e9lite: toutes les personnes int\u00e9ress\u00e9es par le patrimoine, son histoire, mais aussi son avenir, ont leur place dans cette association bien vivante. N&rsquo;h\u00e9sitez pas \u00e0 nous rejoindre ou \u00e0 nous contacter.<\/span><\/p>\n<p><span style=\"font-size: 12pt; font-family: verdana, geneva, sans-serif;\">L&rsquo;association a re\u00e7u un prix sp\u00e9cial de la F\u00e9d\u00e9ration des soci\u00e9t\u00e9s savantes de Bretagne lors du Congr\u00e8s de Paimpol de la SHAB (Soci\u00e9t\u00e9 d&rsquo;Histoire et d&rsquo;Arch\u00e9ologie de Bretagne) en septembre 2012 en tenant compte <em>\u00ab\u00a0du remarquable dynamisme de votre soci\u00e9t\u00e9, de la diversit\u00e9 de votre activit\u00e9 et de l&rsquo;originalit\u00e9 de vos publications\u00a0\u00bb<\/em>.&nbsp;<\/span><\/p>\n<div style=\"text-align: justify;\"><span style=\"font-family: verdana, geneva, sans-serif;\"><span style=\"font-size: 12pt;\">Grace \u00e0 la municipalit\u00e9 de Paimpol, l&rsquo;association dispose depuis 2007 d&rsquo;un local situ\u00e9 au 2<sup>e<\/sup> \u00e9tage de la villa Labenne, 16 rue B\u00e9cot, 22500 Paimpol.<\/span><span style=\"font-size: 12pt;\">&nbsp;<\/span><span style=\"font-size: 12pt;\">L&rsquo;association y tient une permanence le premier vendredi de chaque mois de 14h \u00e0 17h:&nbsp;<\/span><span style=\"font-size: 12pt;\">l&rsquo;occasion de d\u00e9couvrir la documentation de l&rsquo;association, de se procurer un num\u00e9ro r\u00e9cent ou plus ancien des <em>Cahiers de Beauport<\/em> &#8230; et de faire connaissance avec la villa Labenne.<\/span><\/span><br \/>\n<span style=\"font-family: arial, helvetica, sans-serif; font-size: 12pt;\"><span style=\"font-family: verdana, geneva, sans-serif;\"> D&rsquo;autres rencontres sont possibles sur rendez-vous pr\u00e9alable.<\/span><br \/>\n<\/span><\/div>\n<div>&nbsp;<\/div>\n<div><a href=\"https:\/\/amisdebeauport.fr\/index.php\/2018\/04\/20\/comment-adherer\/\" target=\"_blank\" rel=\"noopener\">Lien pour adh\u00e9rer. <\/a><\/div>\n","protected":false},"excerpt":{"rendered":"<p>L&rsquo;Association des Amis de l&rsquo;Abbaye de Beauport a \u00e9t\u00e9 cr\u00e9\u00e9e le 4 d\u00e9cembre 1992&nbsp;par un groupe de personnes, Paimpolaises et Paimpolais d&rsquo;origine ou d&rsquo;adoption,&nbsp;qui, toutes, ont eu un jour un coup de c\u0153ur pour ce fleuron du patrimoine breton.&nbsp;L&rsquo;id\u00e9e leur en est venue lors de l&rsquo;acquisition du monument et du site incomparable qui l&rsquo;environne&nbsp;par le [&hellip;]<\/p>\n","protected":false},"author":1,"featured_media":0,"comment_status":"open","ping_status":"open","sticky":false,"template":"","format":"standard","meta":{"_acf_changed":false,"ngg_post_thumbnail":0,"footnotes":""},"categories":[1],"tags":[],"class_list":["post-98","post","type-post","status-publish","format-standard","hentry","category-non-classe"],"acf":[],"_links":{"self":[{"href":"https:\/\/amisdebeauport.fr\/index.php\/wp-json\/wp\/v2\/posts\/98","targetHints":{"allow":["GET"]}}],"collection":[{"href":"https:\/\/amisdebeauport.fr\/index.php\/wp-json\/wp\/v2\/posts"}],"about":[{"href":"https:\/\/amisdebeauport.fr\/index.php\/wp-json\/wp\/v2\/types\/post"}],"author":[{"embeddable":true,"href":"https:\/\/amisdebeauport.fr\/index.php\/wp-json\/wp\/v2\/users\/1"}],"replies":[{"embeddable":true,"href":"https:\/\/amisdebeauport.fr\/index.php\/wp-json\/wp\/v2\/comments?post=98"}],"version-history":[{"count":41,"href":"https:\/\/amisdebeauport.fr\/index.php\/wp-json\/wp\/v2\/posts\/98\/revisions"}],"predecessor-version":[{"id":461,"href":"https:\/\/amisdebeauport.fr\/index.php\/wp-json\/wp\/v2\/posts\/98\/revisions\/461"}],"wp:attachment":[{"href":"https:\/\/amisdebeauport.fr\/index.php\/wp-json\/wp\/v2\/media?parent=98"}],"wp:term":[{"taxonomy":"category","embeddable":true,"href":"https:\/\/amisdebeauport.fr\/index.php\/wp-json\/wp\/v2\/categories?post=98"},{"taxonomy":"post_tag","embeddable":true,"href":"https:\/\/amisdebeauport.fr\/index.php\/wp-json\/wp\/v2\/tags?post=98"}],"curies":[{"name":"wp","href":"https:\/\/api.w.org\/{rel}","templated":true}]}}